{"id":9304,"date":"2026-05-01T13:27:04","date_gmt":"2026-05-01T17:27:04","guid":{"rendered":"https:\/\/novavoxnoticias.com\/?p=9304"},"modified":"2026-05-01T13:33:28","modified_gmt":"2026-05-01T17:33:28","slug":"cob-declara-paro-general-indefinido-con-movilizaciones-desde-este-viernes","status":"publish","type":"post","link":"https:\/\/novavoxnoticias.com\/index.php\/2026\/05\/01\/cob-declara-paro-general-indefinido-con-movilizaciones-desde-este-viernes\/","title":{"rendered":"COB declara paro general indefinido con movilizaciones desde este viernes"},"content":{"rendered":"\n<p>La Central Obrera Boliviana declar\u00f3 un paro general indefinido con movilizaciones a partir de este viernes, tras un cabildo nacional que reuni\u00f3 a representantes de los nueve departamentos del pa\u00eds. La medida fue anunciada por su ejecutivo, Mario Argollo.<\/p>\n\n\n\n<p><br>El dirigente se\u00f1al\u00f3 que la determinaci\u00f3n busca respaldar a sectores en conflicto y exigir atenci\u00f3n inmediata del Gobierno a sus demandas. Indic\u00f3 que, de no existir soluciones, el Ejecutivo debe asumir responsabilidades frente a la situaci\u00f3n.<\/p>\n\n\n\n<p><br>Argollo afirm\u00f3 que la medida responde al incremento del costo de vida, el desempleo y observaciones al suministro de combustibles. Tambi\u00e9n mencion\u00f3 cuestionamientos a autoridades y denuncias sobre presunto nepotismo en instituciones p\u00fablicas.<\/p>\n","protected":false},"excerpt":{"rendered":"<p>La Central Obrera Boliviana declar\u00f3 un paro general indefinido con movilizaciones a partir de este viernes, tras un cabildo nacional que reuni\u00f3 a representantes de los nueve departamentos del pa\u00eds. La medida fue anunciada por su ejecutivo, Mario Argollo. El dirigente se\u00f1al\u00f3 que la determinaci\u00f3n busca respaldar a sectores en conflicto y exigir atenci\u00f3n inmediata [&hellip;]<\/p>\n","protected":false},"author":2,"featured_media":9305,"comment_status":"open","ping_status":"open","sticky":false,"template":"","format":"standard","meta":{"footnotes":""},"categories":[79],"tags":[],"class_list":{"0":"post-9304","1":"post","2":"type-post","3":"status-publish","4":"format-standard","5":"has-post-thumbnail","7":"category-politica"},"_links":{"self":[{"href":"https:\/\/novavoxnoticias.com\/index.php\/wp-json\/wp\/v2\/posts\/9304","targetHints":{"allow":["GET"]}}],"collection":[{"href":"https:\/\/novavoxnoticias.com\/index.php\/wp-json\/wp\/v2\/posts"}],"about":[{"href":"https:\/\/novavoxnoticias.com\/index.php\/wp-json\/wp\/v2\/types\/post"}],"author":[{"embeddable":true,"href":"https:\/\/novavoxnoticias.com\/index.php\/wp-json\/wp\/v2\/users\/2"}],"replies":[{"embeddable":true,"href":"https:\/\/novavoxnoticias.com\/index.php\/wp-json\/wp\/v2\/comments?post=9304"}],"version-history":[{"count":1,"href":"https:\/\/novavoxnoticias.com\/index.php\/wp-json\/wp\/v2\/posts\/9304\/revisions"}],"predecessor-version":[{"id":9306,"href":"https:\/\/novavoxnoticias.com\/index.php\/wp-json\/wp\/v2\/posts\/9304\/revisions\/9306"}],"wp:featuredmedia":[{"embeddable":true,"href":"https:\/\/novavoxnoticias.com\/index.php\/wp-json\/wp\/v2\/media\/9305"}],"wp:attachment":[{"href":"https:\/\/novavoxnoticias.com\/index.php\/wp-json\/wp\/v2\/media?parent=9304"}],"wp:term":[{"taxonomy":"category","embeddable":true,"href":"https:\/\/novavoxnoticias.com\/index.php\/wp-json\/wp\/v2\/categories?post=9304"},{"taxonomy":"post_tag","embeddable":true,"href":"https:\/\/novavoxnoticias.com\/index.php\/wp-json\/wp\/v2\/tags?post=9304"}],"curies":[{"name":"wp","href":"https:\/\/api.w.org\/{rel}","templated":true}]}}