{"id":9284,"date":"2026-04-30T18:35:56","date_gmt":"2026-04-30T22:35:56","guid":{"rendered":"https:\/\/novavoxnoticias.com\/?p=9284"},"modified":"2026-04-30T18:38:41","modified_gmt":"2026-04-30T22:38:41","slug":"fiscalia-de-la-paz-capacita-a-efectivos-policiales-sobre-la-ley-1636-para-proteger-a-menores-en-entornos-digitales","status":"publish","type":"post","link":"https:\/\/novavoxnoticias.com\/index.php\/2026\/04\/30\/fiscalia-de-la-paz-capacita-a-efectivos-policiales-sobre-la-ley-1636-para-proteger-a-menores-en-entornos-digitales\/","title":{"rendered":"Fiscal\u00eda de La Paz capacita a efectivos policiales sobre la Ley 1636 para proteger a menores en entornos digitales"},"content":{"rendered":"\n<p> El Fiscal Departamental de La Paz, Luis Carlos Torrez, inform\u00f3 que el Ministerio P\u00fablico organiz\u00f3 una capacitaci\u00f3n dirigida a efectivos policiales e investigadores de la Fuerza Especial de Lucha Contra el Crimen (FELCC) y de la Fuerza Especial de Lucha Contra la Violencia (FELCV), con el objetivo de fortalecer la correcta aplicaci\u00f3n de la Ley 1636, <\/p>\n\n\n\n<figure class=\"wp-block-image size-large\"><img loading=\"lazy\" loading=\"lazy\" decoding=\"async\" width=\"1024\" height=\"768\" src=\"https:\/\/novavoxnoticias.com\/wp-content\/uploads\/2026\/04\/1000643320-1024x768.jpg\" alt=\"\" class=\"wp-image-9285\" srcset=\"https:\/\/novavoxnoticias.com\/wp-content\/uploads\/2026\/04\/1000643320-1024x768.jpg 1024w, https:\/\/novavoxnoticias.com\/wp-content\/uploads\/2026\/04\/1000643320-300x225.jpg 300w, https:\/\/novavoxnoticias.com\/wp-content\/uploads\/2026\/04\/1000643320-768x576.jpg 768w, https:\/\/novavoxnoticias.com\/wp-content\/uploads\/2026\/04\/1000643320-1536x1152.jpg 1536w, https:\/\/novavoxnoticias.com\/wp-content\/uploads\/2026\/04\/1000643320.jpg 1600w\" sizes=\"auto, (max-width: 1024px) 100vw, 1024px\" \/><\/figure>\n\n\n\n<p>orientada a proteger la integridad sexual de ni\u00f1as, ni\u00f1os y adolescentes en entornos digitales.\u201cAgradecemos la participaci\u00f3n de los efectivos policiales de la FELCC y FELCV en esta capacitaci\u00f3n. La Ley 1636, presentada por nuestro Fiscal General del Estado, Dr. Roger Mariaca, es una norma de gran importancia en el contexto actual.<\/p>\n\n\n\n<p>Sabemos que nuestras ni\u00f1as, ni\u00f1os y adolescentes est\u00e1n expuestos a delincuentes que utilizan diferentes plataformas digitales para captar su atenci\u00f3n y posteriormente extorsionarlos mediante im\u00e1genes, videos o incluso encuentros que pueden derivar en abusos sexuales. Por ello, como instituciones responsables del cumplimiento de la ley, debemos conocer esta normativa en toda su integridad\u201d, se\u00f1al\u00f3 la autoridad.<\/p>\n\n\n\n<figure class=\"wp-block-image size-large\"><img loading=\"lazy\" loading=\"lazy\" decoding=\"async\" width=\"1024\" height=\"768\" src=\"https:\/\/novavoxnoticias.com\/wp-content\/uploads\/2026\/04\/1000643321-1024x768.jpg\" alt=\"\" class=\"wp-image-9286\" srcset=\"https:\/\/novavoxnoticias.com\/wp-content\/uploads\/2026\/04\/1000643321-1024x768.jpg 1024w, https:\/\/novavoxnoticias.com\/wp-content\/uploads\/2026\/04\/1000643321-300x225.jpg 300w, https:\/\/novavoxnoticias.com\/wp-content\/uploads\/2026\/04\/1000643321-768x576.jpg 768w, https:\/\/novavoxnoticias.com\/wp-content\/uploads\/2026\/04\/1000643321-1536x1152.jpg 1536w, https:\/\/novavoxnoticias.com\/wp-content\/uploads\/2026\/04\/1000643321.jpg 1600w\" sizes=\"auto, (max-width: 1024px) 100vw, 1024px\" \/><\/figure>\n\n\n\n<p>La capacitaci\u00f3n cont\u00f3 con la participaci\u00f3n de m\u00e1s de 50 efectivos policiales, as\u00ed como fiscales de la ciudad de El Alto, quienes al concluir las exposiciones realizaron consultas que fueron absueltas durante la jornada.La Ley 1636 para la Protecci\u00f3n de la Integridad Sexual de Ni\u00f1as, Ni\u00f1os y Adolescentes en Entornos Digitales introduce cinco nuevas figuras penales espec\u00edficas para enfrentar la criminalidad digital contra menores. La norma fue aprobada por unanimidad en la Asamblea Legislativa Plurinacional (ALP) y propuesta por la Fiscal\u00eda General del Estado.<\/p>\n","protected":false},"excerpt":{"rendered":"<p>El Fiscal Departamental de La Paz, Luis Carlos Torrez, inform\u00f3 que el Ministerio P\u00fablico organiz\u00f3 una capacitaci\u00f3n dirigida a efectivos policiales e investigadores de la Fuerza Especial de Lucha Contra el Crimen (FELCC) y de la Fuerza Especial de Lucha Contra la Violencia (FELCV), con el objetivo de fortalecer la correcta aplicaci\u00f3n de la Ley [&hellip;]<\/p>\n","protected":false},"author":2,"featured_media":9287,"comment_status":"open","ping_status":"open","sticky":false,"template":"","format":"standard","meta":{"footnotes":""},"categories":[83],"tags":[],"class_list":{"0":"post-9284","1":"post","2":"type-post","3":"status-publish","4":"format-standard","5":"has-post-thumbnail","7":"category-seguridad"},"_links":{"self":[{"href":"https:\/\/novavoxnoticias.com\/index.php\/wp-json\/wp\/v2\/posts\/9284","targetHints":{"allow":["GET"]}}],"collection":[{"href":"https:\/\/novavoxnoticias.com\/index.php\/wp-json\/wp\/v2\/posts"}],"about":[{"href":"https:\/\/novavoxnoticias.com\/index.php\/wp-json\/wp\/v2\/types\/post"}],"author":[{"embeddable":true,"href":"https:\/\/novavoxnoticias.com\/index.php\/wp-json\/wp\/v2\/users\/2"}],"replies":[{"embeddable":true,"href":"https:\/\/novavoxnoticias.com\/index.php\/wp-json\/wp\/v2\/comments?post=9284"}],"version-history":[{"count":1,"href":"https:\/\/novavoxnoticias.com\/index.php\/wp-json\/wp\/v2\/posts\/9284\/revisions"}],"predecessor-version":[{"id":9288,"href":"https:\/\/novavoxnoticias.com\/index.php\/wp-json\/wp\/v2\/posts\/9284\/revisions\/9288"}],"wp:featuredmedia":[{"embeddable":true,"href":"https:\/\/novavoxnoticias.com\/index.php\/wp-json\/wp\/v2\/media\/9287"}],"wp:attachment":[{"href":"https:\/\/novavoxnoticias.com\/index.php\/wp-json\/wp\/v2\/media?parent=9284"}],"wp:term":[{"taxonomy":"category","embeddable":true,"href":"https:\/\/novavoxnoticias.com\/index.php\/wp-json\/wp\/v2\/categories?post=9284"},{"taxonomy":"post_tag","embeddable":true,"href":"https:\/\/novavoxnoticias.com\/index.php\/wp-json\/wp\/v2\/tags?post=9284"}],"curies":[{"name":"wp","href":"https:\/\/api.w.org\/{rel}","templated":true}]}}