{"id":9270,"date":"2026-04-30T10:44:15","date_gmt":"2026-04-30T14:44:15","guid":{"rendered":"https:\/\/novavoxnoticias.com\/?p=9270"},"modified":"2026-04-30T10:44:16","modified_gmt":"2026-04-30T14:44:16","slug":"exdiputada-laura-rojas-comparece-en-audiencia-por-el-caso-maletas","status":"publish","type":"post","link":"https:\/\/novavoxnoticias.com\/index.php\/2026\/04\/30\/exdiputada-laura-rojas-comparece-en-audiencia-por-el-caso-maletas\/","title":{"rendered":"Exdiputada Laura Rojas comparece en audiencia por el caso maletas"},"content":{"rendered":"\n<figure class=\"wp-block-image size-full\"><img loading=\"lazy\" loading=\"lazy\" decoding=\"async\" width=\"300\" height=\"127\" src=\"https:\/\/novavoxnoticias.com\/wp-content\/uploads\/2026\/04\/image-187.png\" alt=\"\" class=\"wp-image-9271\"\/><\/figure>\n\n\n\n<p>La exdiputada Laura Rojas y otros seis acusados se presentaron este jueves a una audiencia judicial por el denominado caso maletas, tras la imputaci\u00f3n por legitimaci\u00f3n de ganancias il\u00edcitas. La Fiscal\u00eda solicit\u00f3 la detenci\u00f3n preventiva y la incautaci\u00f3n de bienes de los investigados.<\/p>\n\n\n\n<p>El proceso est\u00e1 a cargo de la Fiscal\u00eda Especializada en Legitimaci\u00f3n de Ganancias Il\u00edcitas, que investiga el ingreso al pa\u00eds de 32 maletas en un vuelo ch\u00e1rter procedente de Estados Unidos. Seg\u00fan las pesquisas, el equipaje no habr\u00eda pasado controles regulares en el aeropuerto de Viru Viru.<\/p>\n\n\n\n<p>El caso se conoci\u00f3 en enero de este a\u00f1o y deriv\u00f3 en la aprehensi\u00f3n de siete personas, algunas con detenci\u00f3n preventiva en el penal de Palmasola. Las autoridades contin\u00faan las investigaciones sobre el contenido de las maletas y buscan a otros implicados vinculados al hecho.<\/p>\n","protected":false},"excerpt":{"rendered":"<p>La exdiputada Laura Rojas y otros seis acusados se presentaron este jueves a una audiencia judicial por el denominado caso maletas, tras la imputaci\u00f3n por legitimaci\u00f3n de ganancias il\u00edcitas. La Fiscal\u00eda solicit\u00f3 la detenci\u00f3n preventiva y la incautaci\u00f3n de bienes de los investigados. El proceso est\u00e1 a cargo de la Fiscal\u00eda Especializada en Legitimaci\u00f3n de [&hellip;]<\/p>\n","protected":false},"author":1,"featured_media":9271,"comment_status":"open","ping_status":"open","sticky":false,"template":"","format":"standard","meta":{"footnotes":""},"categories":[83],"tags":[],"class_list":{"0":"post-9270","1":"post","2":"type-post","3":"status-publish","4":"format-standard","5":"has-post-thumbnail","7":"category-seguridad"},"_links":{"self":[{"href":"https:\/\/novavoxnoticias.com\/index.php\/wp-json\/wp\/v2\/posts\/9270","targetHints":{"allow":["GET"]}}],"collection":[{"href":"https:\/\/novavoxnoticias.com\/index.php\/wp-json\/wp\/v2\/posts"}],"about":[{"href":"https:\/\/novavoxnoticias.com\/index.php\/wp-json\/wp\/v2\/types\/post"}],"author":[{"embeddable":true,"href":"https:\/\/novavoxnoticias.com\/index.php\/wp-json\/wp\/v2\/users\/1"}],"replies":[{"embeddable":true,"href":"https:\/\/novavoxnoticias.com\/index.php\/wp-json\/wp\/v2\/comments?post=9270"}],"version-history":[{"count":1,"href":"https:\/\/novavoxnoticias.com\/index.php\/wp-json\/wp\/v2\/posts\/9270\/revisions"}],"predecessor-version":[{"id":9272,"href":"https:\/\/novavoxnoticias.com\/index.php\/wp-json\/wp\/v2\/posts\/9270\/revisions\/9272"}],"wp:featuredmedia":[{"embeddable":true,"href":"https:\/\/novavoxnoticias.com\/index.php\/wp-json\/wp\/v2\/media\/9271"}],"wp:attachment":[{"href":"https:\/\/novavoxnoticias.com\/index.php\/wp-json\/wp\/v2\/media?parent=9270"}],"wp:term":[{"taxonomy":"category","embeddable":true,"href":"https:\/\/novavoxnoticias.com\/index.php\/wp-json\/wp\/v2\/categories?post=9270"},{"taxonomy":"post_tag","embeddable":true,"href":"https:\/\/novavoxnoticias.com\/index.php\/wp-json\/wp\/v2\/tags?post=9270"}],"curies":[{"name":"wp","href":"https:\/\/api.w.org\/{rel}","templated":true}]}}