{"id":9218,"date":"2026-04-29T13:04:10","date_gmt":"2026-04-29T17:04:10","guid":{"rendered":"https:\/\/novavoxnoticias.com\/?p=9218"},"modified":"2026-04-29T13:13:28","modified_gmt":"2026-04-29T17:13:28","slug":"choferes-anuncian-paro-nacional-escalonado-desde-el-5-de-mayo","status":"publish","type":"post","link":"https:\/\/novavoxnoticias.com\/index.php\/2026\/04\/29\/choferes-anuncian-paro-nacional-escalonado-desde-el-5-de-mayo\/","title":{"rendered":"Choferes anuncian paro nacional escalonado desde el 5 de mayo"},"content":{"rendered":"\n<p>La Confederaci\u00f3n Sindical de Choferes de Bolivia anunci\u00f3 un paro nacional escalonado a partir del martes 5 de mayo, tras un ampliado realizado en Santa Cruz con participaci\u00f3n de dirigentes de 11 federaciones. La medida surge ante la falta de respuesta del Gobierno a sus demandas.<\/p>\n\n\n\n<p>El ejecutivo del sector, Lucio G\u00f3mez, inform\u00f3 que la decisi\u00f3n responde a problemas en el abastecimiento y calidad de los combustibles, adem\u00e1s de la necesidad de agilizar el resarcimiento por da\u00f1os en motores afectados por gasolina observada.<\/p>\n\n\n\n<p>Entre las demandas tambi\u00e9n figuran el mantenimiento de carreteras y la provisi\u00f3n de m\u00e1s cilindros para la conversi\u00f3n de veh\u00edculos a Gas Natural Vehicular. El sector advirti\u00f3 que las medidas de presi\u00f3n podr\u00edan intensificarse si no se atienden sus pedidos.<\/p>\n","protected":false},"excerpt":{"rendered":"<p>La Confederaci\u00f3n Sindical de Choferes de Bolivia anunci\u00f3 un paro nacional escalonado a partir del martes 5 de mayo, tras un ampliado realizado en Santa Cruz con participaci\u00f3n de dirigentes de 11 federaciones. La medida surge ante la falta de respuesta del Gobierno a sus demandas. El ejecutivo del sector, Lucio G\u00f3mez, inform\u00f3 que la [&hellip;]<\/p>\n","protected":false},"author":1,"featured_media":9219,"comment_status":"open","ping_status":"open","sticky":false,"template":"","format":"standard","meta":{"footnotes":""},"categories":[1],"tags":[],"class_list":{"0":"post-9218","1":"post","2":"type-post","3":"status-publish","4":"format-standard","5":"has-post-thumbnail","7":"category-pais"},"_links":{"self":[{"href":"https:\/\/novavoxnoticias.com\/index.php\/wp-json\/wp\/v2\/posts\/9218","targetHints":{"allow":["GET"]}}],"collection":[{"href":"https:\/\/novavoxnoticias.com\/index.php\/wp-json\/wp\/v2\/posts"}],"about":[{"href":"https:\/\/novavoxnoticias.com\/index.php\/wp-json\/wp\/v2\/types\/post"}],"author":[{"embeddable":true,"href":"https:\/\/novavoxnoticias.com\/index.php\/wp-json\/wp\/v2\/users\/1"}],"replies":[{"embeddable":true,"href":"https:\/\/novavoxnoticias.com\/index.php\/wp-json\/wp\/v2\/comments?post=9218"}],"version-history":[{"count":2,"href":"https:\/\/novavoxnoticias.com\/index.php\/wp-json\/wp\/v2\/posts\/9218\/revisions"}],"predecessor-version":[{"id":9222,"href":"https:\/\/novavoxnoticias.com\/index.php\/wp-json\/wp\/v2\/posts\/9218\/revisions\/9222"}],"wp:featuredmedia":[{"embeddable":true,"href":"https:\/\/novavoxnoticias.com\/index.php\/wp-json\/wp\/v2\/media\/9219"}],"wp:attachment":[{"href":"https:\/\/novavoxnoticias.com\/index.php\/wp-json\/wp\/v2\/media?parent=9218"}],"wp:term":[{"taxonomy":"category","embeddable":true,"href":"https:\/\/novavoxnoticias.com\/index.php\/wp-json\/wp\/v2\/categories?post=9218"},{"taxonomy":"post_tag","embeddable":true,"href":"https:\/\/novavoxnoticias.com\/index.php\/wp-json\/wp\/v2\/tags?post=9218"}],"curies":[{"name":"wp","href":"https:\/\/api.w.org\/{rel}","templated":true}]}}