{"id":9191,"date":"2026-04-28T18:20:15","date_gmt":"2026-04-28T22:20:15","guid":{"rendered":"https:\/\/novavoxnoticias.com\/?p=9191"},"modified":"2026-04-28T18:20:16","modified_gmt":"2026-04-28T22:20:16","slug":"jose-luis-galvez-es-designado-vocero-presidencial-de-rodrigo-paz","status":"publish","type":"post","link":"https:\/\/novavoxnoticias.com\/index.php\/2026\/04\/28\/jose-luis-galvez-es-designado-vocero-presidencial-de-rodrigo-paz\/","title":{"rendered":"Jos\u00e9 Luis G\u00e1lvez es designado vocero presidencial de Rodrigo Paz"},"content":{"rendered":"\n<p>Jos\u00e9 Luis G\u00e1lvez fue designado este martes como vocero presidencial del mandatario Rodrigo Paz, seg\u00fan un anuncio difundido por la Oficina del Presidente a trav\u00e9s de sus redes sociales. El cargo se encontraba vacante desde marzo.<\/p>\n\n\n\n<p>De acuerdo con el comunicado oficial, G\u00e1lvez estar\u00e1 a cargo de la comunicaci\u00f3n institucional de la Presidencia, la relaci\u00f3n con los medios y la difusi\u00f3n de informaci\u00f3n bajo la l\u00ednea comunicacional del Gobierno.<\/p>\n\n\n\n<p>El nuevo vocero cuenta con trayectoria como investigador social y analista en opini\u00f3n p\u00fablica. Reemplaza a Carla Faval, quien present\u00f3 su renuncia el 17 de marzo tras participar en la transici\u00f3n gubernamental.<\/p>\n","protected":false},"excerpt":{"rendered":"<p>Jos\u00e9 Luis G\u00e1lvez fue designado este martes como vocero presidencial del mandatario Rodrigo Paz, seg\u00fan un anuncio difundido por la Oficina del Presidente a trav\u00e9s de sus redes sociales. El cargo se encontraba vacante desde marzo. De acuerdo con el comunicado oficial, G\u00e1lvez estar\u00e1 a cargo de la comunicaci\u00f3n institucional de la Presidencia, la relaci\u00f3n [&hellip;]<\/p>\n","protected":false},"author":1,"featured_media":9192,"comment_status":"open","ping_status":"open","sticky":false,"template":"","format":"standard","meta":{"footnotes":""},"categories":[79],"tags":[],"class_list":{"0":"post-9191","1":"post","2":"type-post","3":"status-publish","4":"format-standard","5":"has-post-thumbnail","7":"category-politica"},"_links":{"self":[{"href":"https:\/\/novavoxnoticias.com\/index.php\/wp-json\/wp\/v2\/posts\/9191","targetHints":{"allow":["GET"]}}],"collection":[{"href":"https:\/\/novavoxnoticias.com\/index.php\/wp-json\/wp\/v2\/posts"}],"about":[{"href":"https:\/\/novavoxnoticias.com\/index.php\/wp-json\/wp\/v2\/types\/post"}],"author":[{"embeddable":true,"href":"https:\/\/novavoxnoticias.com\/index.php\/wp-json\/wp\/v2\/users\/1"}],"replies":[{"embeddable":true,"href":"https:\/\/novavoxnoticias.com\/index.php\/wp-json\/wp\/v2\/comments?post=9191"}],"version-history":[{"count":1,"href":"https:\/\/novavoxnoticias.com\/index.php\/wp-json\/wp\/v2\/posts\/9191\/revisions"}],"predecessor-version":[{"id":9193,"href":"https:\/\/novavoxnoticias.com\/index.php\/wp-json\/wp\/v2\/posts\/9191\/revisions\/9193"}],"wp:featuredmedia":[{"embeddable":true,"href":"https:\/\/novavoxnoticias.com\/index.php\/wp-json\/wp\/v2\/media\/9192"}],"wp:attachment":[{"href":"https:\/\/novavoxnoticias.com\/index.php\/wp-json\/wp\/v2\/media?parent=9191"}],"wp:term":[{"taxonomy":"category","embeddable":true,"href":"https:\/\/novavoxnoticias.com\/index.php\/wp-json\/wp\/v2\/categories?post=9191"},{"taxonomy":"post_tag","embeddable":true,"href":"https:\/\/novavoxnoticias.com\/index.php\/wp-json\/wp\/v2\/tags?post=9191"}],"curies":[{"name":"wp","href":"https:\/\/api.w.org\/{rel}","templated":true}]}}