{"id":9184,"date":"2026-04-28T17:39:11","date_gmt":"2026-04-28T21:39:11","guid":{"rendered":"https:\/\/novavoxnoticias.com\/?p=9184"},"modified":"2026-04-28T17:39:15","modified_gmt":"2026-04-28T21:39:15","slug":"bolivia-impulsa-rol-estrategico-en-integracion-regional-en-sesion-del-parlasur","status":"publish","type":"post","link":"https:\/\/novavoxnoticias.com\/index.php\/2026\/04\/28\/bolivia-impulsa-rol-estrategico-en-integracion-regional-en-sesion-del-parlasur\/","title":{"rendered":"Bolivia impulsa rol estrat\u00e9gico en integraci\u00f3n regional en sesi\u00f3n del Parlasur"},"content":{"rendered":"\n<p>Parlamentarios bolivianos participaron en la 107\u00aa Sesi\u00f3n Ordinaria del Parlamento del Mercosur, en Montevideo, con el objetivo de posicionar al pa\u00eds como un actor clave en la integraci\u00f3n regional. Durante el encuentro, destacaron la importancia de fortalecer la proyecci\u00f3n del bloque hacia el \u00e1mbito internacional.<\/p>\n\n\n\n<p>En sus intervenciones, se\u00f1alaron que Bolivia tiene una ubicaci\u00f3n estrat\u00e9gica que la convierte en un puente entre el Atl\u00e1ntico y el Pac\u00edfico, lo que puede facilitar el acceso a mercados del Asia-Pac\u00edfico. Tambi\u00e9n plantearon la necesidad de avanzar en una agenda articulada que permita consolidar al Mercosur como un espacio de integraci\u00f3n m\u00e1s amplio.<\/p>\n\n\n\n<p>Asimismo, se advirti\u00f3 que el pa\u00eds enfrenta limitaciones para su plena incorporaci\u00f3n al bloque debido a aspectos normativos pendientes. Los representantes coincidieron en la necesidad de impulsar acciones concretas para fortalecer la integraci\u00f3n, generar oportunidades y consolidar el rol de Bolivia en la regi\u00f3n.<\/p>\n\n\n\n<figure class=\"wp-block-image size-large\"><img loading=\"lazy\" loading=\"lazy\" decoding=\"async\" width=\"1024\" height=\"681\" src=\"https:\/\/novavoxnoticias.com\/wp-content\/uploads\/2026\/04\/image-166-1024x681.png\" alt=\"\" class=\"wp-image-9186\" srcset=\"https:\/\/novavoxnoticias.com\/wp-content\/uploads\/2026\/04\/image-166-1024x681.png 1024w, https:\/\/novavoxnoticias.com\/wp-content\/uploads\/2026\/04\/image-166-300x200.png 300w, https:\/\/novavoxnoticias.com\/wp-content\/uploads\/2026\/04\/image-166-768x511.png 768w, https:\/\/novavoxnoticias.com\/wp-content\/uploads\/2026\/04\/image-166-1536x1021.png 1536w, https:\/\/novavoxnoticias.com\/wp-content\/uploads\/2026\/04\/image-166.png 1600w\" sizes=\"auto, (max-width: 1024px) 100vw, 1024px\" \/><\/figure>\n","protected":false},"excerpt":{"rendered":"<p>Parlamentarios bolivianos participaron en la 107\u00aa Sesi\u00f3n Ordinaria del Parlamento del Mercosur, en Montevideo, con el objetivo de posicionar al pa\u00eds como un actor clave en la integraci\u00f3n regional. Durante el encuentro, destacaron la importancia de fortalecer la proyecci\u00f3n del bloque hacia el \u00e1mbito internacional. En sus intervenciones, se\u00f1alaron que Bolivia tiene una ubicaci\u00f3n estrat\u00e9gica [&hellip;]<\/p>\n","protected":false},"author":1,"featured_media":9185,"comment_status":"open","ping_status":"open","sticky":false,"template":"","format":"standard","meta":{"footnotes":""},"categories":[79],"tags":[],"class_list":{"0":"post-9184","1":"post","2":"type-post","3":"status-publish","4":"format-standard","5":"has-post-thumbnail","7":"category-politica"},"_links":{"self":[{"href":"https:\/\/novavoxnoticias.com\/index.php\/wp-json\/wp\/v2\/posts\/9184","targetHints":{"allow":["GET"]}}],"collection":[{"href":"https:\/\/novavoxnoticias.com\/index.php\/wp-json\/wp\/v2\/posts"}],"about":[{"href":"https:\/\/novavoxnoticias.com\/index.php\/wp-json\/wp\/v2\/types\/post"}],"author":[{"embeddable":true,"href":"https:\/\/novavoxnoticias.com\/index.php\/wp-json\/wp\/v2\/users\/1"}],"replies":[{"embeddable":true,"href":"https:\/\/novavoxnoticias.com\/index.php\/wp-json\/wp\/v2\/comments?post=9184"}],"version-history":[{"count":1,"href":"https:\/\/novavoxnoticias.com\/index.php\/wp-json\/wp\/v2\/posts\/9184\/revisions"}],"predecessor-version":[{"id":9187,"href":"https:\/\/novavoxnoticias.com\/index.php\/wp-json\/wp\/v2\/posts\/9184\/revisions\/9187"}],"wp:featuredmedia":[{"embeddable":true,"href":"https:\/\/novavoxnoticias.com\/index.php\/wp-json\/wp\/v2\/media\/9185"}],"wp:attachment":[{"href":"https:\/\/novavoxnoticias.com\/index.php\/wp-json\/wp\/v2\/media?parent=9184"}],"wp:term":[{"taxonomy":"category","embeddable":true,"href":"https:\/\/novavoxnoticias.com\/index.php\/wp-json\/wp\/v2\/categories?post=9184"},{"taxonomy":"post_tag","embeddable":true,"href":"https:\/\/novavoxnoticias.com\/index.php\/wp-json\/wp\/v2\/tags?post=9184"}],"curies":[{"name":"wp","href":"https:\/\/api.w.org\/{rel}","templated":true}]}}