{"id":9178,"date":"2026-04-28T17:14:16","date_gmt":"2026-04-28T21:14:16","guid":{"rendered":"https:\/\/novavoxnoticias.com\/?p=9178"},"modified":"2026-04-28T17:14:17","modified_gmt":"2026-04-28T21:14:17","slug":"eliser-roca-recibe-credencial-y-asume-como-alcalde-de-el-alto","status":"publish","type":"post","link":"https:\/\/novavoxnoticias.com\/index.php\/2026\/04\/28\/eliser-roca-recibe-credencial-y-asume-como-alcalde-de-el-alto\/","title":{"rendered":"Eliser Roca recibe credencial y asume como alcalde de El Alto"},"content":{"rendered":"\n<p>Eliser Roca Tancara recibi\u00f3 este martes su credencial como alcalde del municipio de El Alto en un acto organizado por el Tribunal Electoral Departamental de La Paz. En la misma jornada, tambi\u00e9n fueron acreditados los concejales electos.<\/p>\n\n\n\n<p>La nueva autoridad anunci\u00f3 que su gesti\u00f3n estar\u00e1 enfocada en la meritocracia y en la lucha contra la corrupci\u00f3n. Asimismo, afirm\u00f3 que trabajar\u00e1 para impulsar el desarrollo del municipio y mejorar las condiciones de la poblaci\u00f3n.<\/p>\n\n\n\n<p>Roca tambi\u00e9n inform\u00f3 que realizar\u00e1 una auditor\u00eda para verificar la administraci\u00f3n saliente ante denuncias registradas. Adem\u00e1s, neg\u00f3 v\u00ednculos con la anterior gesti\u00f3n municipal y se\u00f1al\u00f3 que priorizar\u00e1 la fiscalizaci\u00f3n institucional.<\/p>\n","protected":false},"excerpt":{"rendered":"<p>Eliser Roca Tancara recibi\u00f3 este martes su credencial como alcalde del municipio de El Alto en un acto organizado por el Tribunal Electoral Departamental de La Paz. En la misma jornada, tambi\u00e9n fueron acreditados los concejales electos. La nueva autoridad anunci\u00f3 que su gesti\u00f3n estar\u00e1 enfocada en la meritocracia y en la lucha contra la [&hellip;]<\/p>\n","protected":false},"author":1,"featured_media":9179,"comment_status":"open","ping_status":"open","sticky":false,"template":"","format":"standard","meta":{"footnotes":""},"categories":[79],"tags":[],"class_list":{"0":"post-9178","1":"post","2":"type-post","3":"status-publish","4":"format-standard","5":"has-post-thumbnail","7":"category-politica"},"_links":{"self":[{"href":"https:\/\/novavoxnoticias.com\/index.php\/wp-json\/wp\/v2\/posts\/9178","targetHints":{"allow":["GET"]}}],"collection":[{"href":"https:\/\/novavoxnoticias.com\/index.php\/wp-json\/wp\/v2\/posts"}],"about":[{"href":"https:\/\/novavoxnoticias.com\/index.php\/wp-json\/wp\/v2\/types\/post"}],"author":[{"embeddable":true,"href":"https:\/\/novavoxnoticias.com\/index.php\/wp-json\/wp\/v2\/users\/1"}],"replies":[{"embeddable":true,"href":"https:\/\/novavoxnoticias.com\/index.php\/wp-json\/wp\/v2\/comments?post=9178"}],"version-history":[{"count":1,"href":"https:\/\/novavoxnoticias.com\/index.php\/wp-json\/wp\/v2\/posts\/9178\/revisions"}],"predecessor-version":[{"id":9180,"href":"https:\/\/novavoxnoticias.com\/index.php\/wp-json\/wp\/v2\/posts\/9178\/revisions\/9180"}],"wp:featuredmedia":[{"embeddable":true,"href":"https:\/\/novavoxnoticias.com\/index.php\/wp-json\/wp\/v2\/media\/9179"}],"wp:attachment":[{"href":"https:\/\/novavoxnoticias.com\/index.php\/wp-json\/wp\/v2\/media?parent=9178"}],"wp:term":[{"taxonomy":"category","embeddable":true,"href":"https:\/\/novavoxnoticias.com\/index.php\/wp-json\/wp\/v2\/categories?post=9178"},{"taxonomy":"post_tag","embeddable":true,"href":"https:\/\/novavoxnoticias.com\/index.php\/wp-json\/wp\/v2\/tags?post=9178"}],"curies":[{"name":"wp","href":"https:\/\/api.w.org\/{rel}","templated":true}]}}