{"id":9169,"date":"2026-04-28T16:14:28","date_gmt":"2026-04-28T20:14:28","guid":{"rendered":"https:\/\/novavoxnoticias.com\/?p=9169"},"modified":"2026-04-28T16:14:29","modified_gmt":"2026-04-28T20:14:29","slug":"imputan-a-rafael-arce-por-legitimacion-y-piden-detencion-en-san-pedro","status":"publish","type":"post","link":"https:\/\/novavoxnoticias.com\/index.php\/2026\/04\/28\/imputan-a-rafael-arce-por-legitimacion-y-piden-detencion-en-san-pedro\/","title":{"rendered":"Imputan a Rafael Arce por legitimaci\u00f3n y piden detenci\u00f3n en San Pedro"},"content":{"rendered":"\n<p>El Ministerio P\u00fablico de La Paz imput\u00f3 a Rafael Ernesto Arce Mosqueira por el presunto delito de legitimaci\u00f3n de ganancias il\u00edcitas y solicit\u00f3 su detenci\u00f3n preventiva por seis meses en el penal de San Pedro. La fiscal Ingrid Roc\u00edo Feraudi present\u00f3 la resoluci\u00f3n ante el Juzgado Sexto de Instrucci\u00f3n Penal Anticorrupci\u00f3n y requiri\u00f3 audiencia de medidas cautelares.<\/p>\n\n\n\n<p>Seg\u00fan la imputaci\u00f3n, existen indicios de movimientos econ\u00f3micos que no coincidir\u00edan con el perfil financiero del investigado. Entre los elementos observados figuran la creaci\u00f3n de la empresa Agrongroup SRL en 2021 y la solicitud de financiamiento para un proyecto agr\u00edcola con una inversi\u00f3n superior a 4,8 millones de d\u00f3lares, cuyos aportes no se reflejar\u00edan en registros patrimoniales.<\/p>\n\n\n\n<p>La Fiscal\u00eda argumenta riesgos de fuga y de obstaculizaci\u00f3n del proceso, debido a inconsistencias en domicilios y posible interferencia en la investigaci\u00f3n. Tambi\u00e9n se\u00f1al\u00f3 que se requieren pericias patrimoniales, informes financieros y declaraciones testificales en un caso que permanece en etapa investigativa.<\/p>\n","protected":false},"excerpt":{"rendered":"<p>El Ministerio P\u00fablico de La Paz imput\u00f3 a Rafael Ernesto Arce Mosqueira por el presunto delito de legitimaci\u00f3n de ganancias il\u00edcitas y solicit\u00f3 su detenci\u00f3n preventiva por seis meses en el penal de San Pedro. La fiscal Ingrid Roc\u00edo Feraudi present\u00f3 la resoluci\u00f3n ante el Juzgado Sexto de Instrucci\u00f3n Penal Anticorrupci\u00f3n y requiri\u00f3 audiencia de [&hellip;]<\/p>\n","protected":false},"author":1,"featured_media":9170,"comment_status":"open","ping_status":"open","sticky":false,"template":"","format":"standard","meta":{"footnotes":""},"categories":[83],"tags":[],"class_list":{"0":"post-9169","1":"post","2":"type-post","3":"status-publish","4":"format-standard","5":"has-post-thumbnail","7":"category-seguridad"},"_links":{"self":[{"href":"https:\/\/novavoxnoticias.com\/index.php\/wp-json\/wp\/v2\/posts\/9169","targetHints":{"allow":["GET"]}}],"collection":[{"href":"https:\/\/novavoxnoticias.com\/index.php\/wp-json\/wp\/v2\/posts"}],"about":[{"href":"https:\/\/novavoxnoticias.com\/index.php\/wp-json\/wp\/v2\/types\/post"}],"author":[{"embeddable":true,"href":"https:\/\/novavoxnoticias.com\/index.php\/wp-json\/wp\/v2\/users\/1"}],"replies":[{"embeddable":true,"href":"https:\/\/novavoxnoticias.com\/index.php\/wp-json\/wp\/v2\/comments?post=9169"}],"version-history":[{"count":1,"href":"https:\/\/novavoxnoticias.com\/index.php\/wp-json\/wp\/v2\/posts\/9169\/revisions"}],"predecessor-version":[{"id":9171,"href":"https:\/\/novavoxnoticias.com\/index.php\/wp-json\/wp\/v2\/posts\/9169\/revisions\/9171"}],"wp:featuredmedia":[{"embeddable":true,"href":"https:\/\/novavoxnoticias.com\/index.php\/wp-json\/wp\/v2\/media\/9170"}],"wp:attachment":[{"href":"https:\/\/novavoxnoticias.com\/index.php\/wp-json\/wp\/v2\/media?parent=9169"}],"wp:term":[{"taxonomy":"category","embeddable":true,"href":"https:\/\/novavoxnoticias.com\/index.php\/wp-json\/wp\/v2\/categories?post=9169"},{"taxonomy":"post_tag","embeddable":true,"href":"https:\/\/novavoxnoticias.com\/index.php\/wp-json\/wp\/v2\/tags?post=9169"}],"curies":[{"name":"wp","href":"https:\/\/api.w.org\/{rel}","templated":true}]}}