{"id":9154,"date":"2026-04-28T10:43:30","date_gmt":"2026-04-28T14:43:30","guid":{"rendered":"https:\/\/novavoxnoticias.com\/?p=9154"},"modified":"2026-04-28T10:43:31","modified_gmt":"2026-04-28T14:43:31","slug":"revilla-anuncia-transicion-sin-observaciones-en-la-gobernacion-de-la-paz","status":"publish","type":"post","link":"https:\/\/novavoxnoticias.com\/index.php\/2026\/04\/28\/revilla-anuncia-transicion-sin-observaciones-en-la-gobernacion-de-la-paz\/","title":{"rendered":"Revilla anuncia transici\u00f3n sin observaciones en la Gobernaci\u00f3n de La Paz"},"content":{"rendered":"\n<p>El gobernador electo de La Paz, Luis Revilla, inform\u00f3 que el proceso de transici\u00f3n en la Gobernaci\u00f3n se desarrolla sin observaciones y confirm\u00f3 que asumir\u00e1 funciones la pr\u00f3xima semana. La autoridad realiz\u00f3 la declaraci\u00f3n antes de la entrega de credenciales.<\/p>\n\n\n\n<p>Revilla se\u00f1al\u00f3 que su equipo revisa documentaci\u00f3n y prev\u00e9 concluir el traspaso hasta el fin de semana para iniciar la gesti\u00f3n con normalidad. Indic\u00f3 que se priorizar\u00e1 el trabajo inmediato en beneficio del departamento.<\/p>\n\n\n\n<p>Entre los principales ejes de su gesti\u00f3n mencion\u00f3 la atenci\u00f3n al sistema de salud, la continuidad de proyectos, el funcionamiento de hogares y la b\u00fasqueda de financiamiento. Tambi\u00e9n prev\u00e9 coordinaci\u00f3n con alcaldes y asamble\u00edstas.<\/p>\n","protected":false},"excerpt":{"rendered":"<p>El gobernador electo de La Paz, Luis Revilla, inform\u00f3 que el proceso de transici\u00f3n en la Gobernaci\u00f3n se desarrolla sin observaciones y confirm\u00f3 que asumir\u00e1 funciones la pr\u00f3xima semana. La autoridad realiz\u00f3 la declaraci\u00f3n antes de la entrega de credenciales. Revilla se\u00f1al\u00f3 que su equipo revisa documentaci\u00f3n y prev\u00e9 concluir el traspaso hasta el fin [&hellip;]<\/p>\n","protected":false},"author":1,"featured_media":9155,"comment_status":"open","ping_status":"open","sticky":false,"template":"","format":"standard","meta":{"footnotes":""},"categories":[79],"tags":[],"class_list":{"0":"post-9154","1":"post","2":"type-post","3":"status-publish","4":"format-standard","5":"has-post-thumbnail","7":"category-politica"},"_links":{"self":[{"href":"https:\/\/novavoxnoticias.com\/index.php\/wp-json\/wp\/v2\/posts\/9154","targetHints":{"allow":["GET"]}}],"collection":[{"href":"https:\/\/novavoxnoticias.com\/index.php\/wp-json\/wp\/v2\/posts"}],"about":[{"href":"https:\/\/novavoxnoticias.com\/index.php\/wp-json\/wp\/v2\/types\/post"}],"author":[{"embeddable":true,"href":"https:\/\/novavoxnoticias.com\/index.php\/wp-json\/wp\/v2\/users\/1"}],"replies":[{"embeddable":true,"href":"https:\/\/novavoxnoticias.com\/index.php\/wp-json\/wp\/v2\/comments?post=9154"}],"version-history":[{"count":1,"href":"https:\/\/novavoxnoticias.com\/index.php\/wp-json\/wp\/v2\/posts\/9154\/revisions"}],"predecessor-version":[{"id":9156,"href":"https:\/\/novavoxnoticias.com\/index.php\/wp-json\/wp\/v2\/posts\/9154\/revisions\/9156"}],"wp:featuredmedia":[{"embeddable":true,"href":"https:\/\/novavoxnoticias.com\/index.php\/wp-json\/wp\/v2\/media\/9155"}],"wp:attachment":[{"href":"https:\/\/novavoxnoticias.com\/index.php\/wp-json\/wp\/v2\/media?parent=9154"}],"wp:term":[{"taxonomy":"category","embeddable":true,"href":"https:\/\/novavoxnoticias.com\/index.php\/wp-json\/wp\/v2\/categories?post=9154"},{"taxonomy":"post_tag","embeddable":true,"href":"https:\/\/novavoxnoticias.com\/index.php\/wp-json\/wp\/v2\/tags?post=9154"}],"curies":[{"name":"wp","href":"https:\/\/api.w.org\/{rel}","templated":true}]}}