{"id":9132,"date":"2026-04-28T05:34:15","date_gmt":"2026-04-28T09:34:15","guid":{"rendered":"https:\/\/novavoxnoticias.com\/?p=9132"},"modified":"2026-04-28T05:34:17","modified_gmt":"2026-04-28T09:34:17","slug":"paz-descarta-privatizacion-de-ypfb-y-responde-a-criticas-de-evo-morales","status":"publish","type":"post","link":"https:\/\/novavoxnoticias.com\/index.php\/2026\/04\/28\/paz-descarta-privatizacion-de-ypfb-y-responde-a-criticas-de-evo-morales\/","title":{"rendered":"Paz descarta privatizaci\u00f3n de YPFB y responde a cr\u00edticas de Evo Morales"},"content":{"rendered":"\n<p>El presidente Rodrigo Paz Pereira afirm\u00f3 que no existe intenci\u00f3n de privatizar YPFB y rechaz\u00f3 las declaraciones del expresidente Evo Morales, quien cuestion\u00f3 la pol\u00edtica energ\u00e9tica del Gobierno. El mandatario asegur\u00f3 que la empresa estatal ser\u00e1 fortalecida y administrada con eficiencia.<\/p>\n\n\n\n<p>Morales critic\u00f3 la gesti\u00f3n gubernamental y se\u00f1al\u00f3 que la crisis de combustibles refleja una falta de resultados, adem\u00e1s de cuestionar el levantamiento de la subvenci\u00f3n y la escasez de di\u00e9sel en plena \u00e9poca productiva. Tambi\u00e9n afirm\u00f3 que el Ejecutivo enfrenta conflictos sociales y pol\u00edticos.<\/p>\n\n\n\n<p>En respuesta, Paz sostuvo que Morales no tiene autoridad para referirse a la situaci\u00f3n de YPFB y responsabiliz\u00f3 a anteriores gestiones por problemas estructurales en el sector hidrocarbur\u00edfero. El intercambio de declaraciones se produce en medio de la crisis de abastecimiento de combustibles en el pa\u00eds.<\/p>\n","protected":false},"excerpt":{"rendered":"<p>El presidente Rodrigo Paz Pereira afirm\u00f3 que no existe intenci\u00f3n de privatizar YPFB y rechaz\u00f3 las declaraciones del expresidente Evo Morales, quien cuestion\u00f3 la pol\u00edtica energ\u00e9tica del Gobierno. El mandatario asegur\u00f3 que la empresa estatal ser\u00e1 fortalecida y administrada con eficiencia. Morales critic\u00f3 la gesti\u00f3n gubernamental y se\u00f1al\u00f3 que la crisis de combustibles refleja una [&hellip;]<\/p>\n","protected":false},"author":1,"featured_media":9133,"comment_status":"open","ping_status":"open","sticky":false,"template":"","format":"standard","meta":{"footnotes":""},"categories":[79],"tags":[],"class_list":{"0":"post-9132","1":"post","2":"type-post","3":"status-publish","4":"format-standard","5":"has-post-thumbnail","7":"category-politica"},"_links":{"self":[{"href":"https:\/\/novavoxnoticias.com\/index.php\/wp-json\/wp\/v2\/posts\/9132","targetHints":{"allow":["GET"]}}],"collection":[{"href":"https:\/\/novavoxnoticias.com\/index.php\/wp-json\/wp\/v2\/posts"}],"about":[{"href":"https:\/\/novavoxnoticias.com\/index.php\/wp-json\/wp\/v2\/types\/post"}],"author":[{"embeddable":true,"href":"https:\/\/novavoxnoticias.com\/index.php\/wp-json\/wp\/v2\/users\/1"}],"replies":[{"embeddable":true,"href":"https:\/\/novavoxnoticias.com\/index.php\/wp-json\/wp\/v2\/comments?post=9132"}],"version-history":[{"count":1,"href":"https:\/\/novavoxnoticias.com\/index.php\/wp-json\/wp\/v2\/posts\/9132\/revisions"}],"predecessor-version":[{"id":9134,"href":"https:\/\/novavoxnoticias.com\/index.php\/wp-json\/wp\/v2\/posts\/9132\/revisions\/9134"}],"wp:featuredmedia":[{"embeddable":true,"href":"https:\/\/novavoxnoticias.com\/index.php\/wp-json\/wp\/v2\/media\/9133"}],"wp:attachment":[{"href":"https:\/\/novavoxnoticias.com\/index.php\/wp-json\/wp\/v2\/media?parent=9132"}],"wp:term":[{"taxonomy":"category","embeddable":true,"href":"https:\/\/novavoxnoticias.com\/index.php\/wp-json\/wp\/v2\/categories?post=9132"},{"taxonomy":"post_tag","embeddable":true,"href":"https:\/\/novavoxnoticias.com\/index.php\/wp-json\/wp\/v2\/tags?post=9132"}],"curies":[{"name":"wp","href":"https:\/\/api.w.org\/{rel}","templated":true}]}}