{"id":9103,"date":"2026-04-27T17:34:38","date_gmt":"2026-04-27T21:34:38","guid":{"rendered":"https:\/\/novavoxnoticias.com\/?p=9103"},"modified":"2026-04-27T17:34:51","modified_gmt":"2026-04-27T21:34:51","slug":"gastronomos-otorgan-reconocimientos-a-los-asadores-tras-su-triunfo-en-mexico","status":"publish","type":"post","link":"https:\/\/novavoxnoticias.com\/index.php\/2026\/04\/27\/gastronomos-otorgan-reconocimientos-a-los-asadores-tras-su-triunfo-en-mexico\/","title":{"rendered":"Gastr\u00f3nomos otorgan reconocimientos a los asadores tras su triunfo en M\u00e9xico"},"content":{"rendered":"\n<p>La Federaci\u00f3n Sindical de Trabajadores Gastron\u00f3micos de Bolivia entreg\u00f3 reconocimientos a los equipos nacionales que lograron las primeras posiciones en el Torneo Mundial de Asadores, realizado en marzo en M\u00e9xico.<br>En un acto celebrado en Palacio Chico, la ejecutiva de la Federaci\u00f3n Sindical de Trabajadores Gastron\u00f3micos de Bolivia, Sof\u00eda Foronda, destac\u00f3 el desempe\u00f1o de la decena de asadores y parrilleros, as\u00ed como la labor de los jueces que representaron al pa\u00eds en ese campeonato mundial de asadores.<\/p>\n\n\n\n<p><br>El primer galardonado fue el equipo \u201cBrasas Clandestinas\u201d, integrado por Milton Sosa, Wilman M\u00e9ndez, Marco Antonio Quelca, Rodrigo Rojas y Jos\u00e9 Luis Al\u00ed. Este grupo se alz\u00f3 con el primer lugar en la categor\u00eda general del Mundial de Asadores en M\u00e9xico, logrando adem\u00e1s la m\u00e1xima posici\u00f3n en las especialidades de pollo y pescado.<br>Tambi\u00e9n, se otorgaron reconocimientos al equipo \u201cFuego y Pasi\u00f3n\u201d, conformado por Edwin Carlos Torrez, Haydee Ben\u00edtez y Emanuel Mamani, quienes lograron el tercer puesto en la categor\u00eda general del torneo. Asimismo, se distingui\u00f3 a \u201cCalda del Diablo\u201d, integrado por Jos\u00e9 Miguel C\u00e9spedes, Isa\u00edas Nieves y Nelson Montes, por su destacada participaci\u00f3n en la competencia.<br>La Federaci\u00f3n, adem\u00e1s reconoci\u00f3 la labor de los jueces bolivianos Ricardo Silva, Roberto P\u00e9rez Arteaga, Walter Garnica y Pavlo Massiel Flores.<br>En el mismo evento, el secretario general del Sindicato Central de Trabajadores Gastron\u00f3micos de La Paz, N\u00e9stor Vargas, anunci\u00f3 el lanzamiento del \u201cPrimer Festival del Asado y la Comida Tradicional de Bolivia\u201d, que se llevar\u00e1 a cabo el 1 de mayo en la Plaza Villarroel, situada en el barrio de Miraflores, desde las 10.00 hasta las 16.00.<br>El festival tendr\u00e1 la participaci\u00f3n de 16 restaurantes de comida t\u00edpica del pa\u00eds, entre ellos la Casa del Camba, Rinconcito Chapaco, Restaurante Sucre y Potokos, y m\u00e1s. La oferta gastron\u00f3mica se complementar\u00e1 con vinos de Luribay y singanis.<br>El lanzamiento de la feria cont\u00f3 con la presencia de representantes del Viceministerio de Gastronom\u00eda, la diputada nacional Cinthia Ruiz, la Federaci\u00f3n Sindical de Trabajadores Gastron\u00f3micos de Bolivia, el Sindicato Central de Trabajadores Gastron\u00f3micos de La Paz y representantes de los restaurantes que participar\u00e1n del festival exponiendo su oferta culinaria.<\/p>\n","protected":false},"excerpt":{"rendered":"<p>La Federaci\u00f3n Sindical de Trabajadores Gastron\u00f3micos de Bolivia entreg\u00f3 reconocimientos a los equipos nacionales que lograron las primeras posiciones en el Torneo Mundial de Asadores, realizado en marzo en M\u00e9xico.En un acto celebrado en Palacio Chico, la ejecutiva de la Federaci\u00f3n Sindical de Trabajadores Gastron\u00f3micos de Bolivia, Sof\u00eda Foronda, destac\u00f3 el desempe\u00f1o de la decena [&hellip;]<\/p>\n","protected":false},"author":1,"featured_media":9104,"comment_status":"open","ping_status":"open","sticky":false,"template":"","format":"standard","meta":{"footnotes":""},"categories":[1],"tags":[],"class_list":{"0":"post-9103","1":"post","2":"type-post","3":"status-publish","4":"format-standard","5":"has-post-thumbnail","7":"category-pais"},"_links":{"self":[{"href":"https:\/\/novavoxnoticias.com\/index.php\/wp-json\/wp\/v2\/posts\/9103","targetHints":{"allow":["GET"]}}],"collection":[{"href":"https:\/\/novavoxnoticias.com\/index.php\/wp-json\/wp\/v2\/posts"}],"about":[{"href":"https:\/\/novavoxnoticias.com\/index.php\/wp-json\/wp\/v2\/types\/post"}],"author":[{"embeddable":true,"href":"https:\/\/novavoxnoticias.com\/index.php\/wp-json\/wp\/v2\/users\/1"}],"replies":[{"embeddable":true,"href":"https:\/\/novavoxnoticias.com\/index.php\/wp-json\/wp\/v2\/comments?post=9103"}],"version-history":[{"count":2,"href":"https:\/\/novavoxnoticias.com\/index.php\/wp-json\/wp\/v2\/posts\/9103\/revisions"}],"predecessor-version":[{"id":9106,"href":"https:\/\/novavoxnoticias.com\/index.php\/wp-json\/wp\/v2\/posts\/9103\/revisions\/9106"}],"wp:featuredmedia":[{"embeddable":true,"href":"https:\/\/novavoxnoticias.com\/index.php\/wp-json\/wp\/v2\/media\/9104"}],"wp:attachment":[{"href":"https:\/\/novavoxnoticias.com\/index.php\/wp-json\/wp\/v2\/media?parent=9103"}],"wp:term":[{"taxonomy":"category","embeddable":true,"href":"https:\/\/novavoxnoticias.com\/index.php\/wp-json\/wp\/v2\/categories?post=9103"},{"taxonomy":"post_tag","embeddable":true,"href":"https:\/\/novavoxnoticias.com\/index.php\/wp-json\/wp\/v2\/tags?post=9103"}],"curies":[{"name":"wp","href":"https:\/\/api.w.org\/{rel}","templated":true}]}}