{"id":9098,"date":"2026-04-27T15:32:40","date_gmt":"2026-04-27T19:32:40","guid":{"rendered":"https:\/\/novavoxnoticias.com\/?p=9098"},"modified":"2026-04-27T15:32:41","modified_gmt":"2026-04-27T19:32:41","slug":"vicepresidencia-rechaza-acusaciones-de-amalia-pando-y-exige-pruebas","status":"publish","type":"post","link":"https:\/\/novavoxnoticias.com\/index.php\/2026\/04\/27\/vicepresidencia-rechaza-acusaciones-de-amalia-pando-y-exige-pruebas\/","title":{"rendered":"Vicepresidencia rechaza acusaciones de Amalia Pando y exige pruebas"},"content":{"rendered":"\n<p>La Vicepresidencia del Estado rechaz\u00f3 las declaraciones de la periodista Amalia Pando, quien denunci\u00f3 un supuesto plan desestabilizador vinculado al Vicepresidente. A trav\u00e9s de un comunicado oficial, la instituci\u00f3n calific\u00f3 las acusaciones como carentes de sustento y sin respaldo verificable.<\/p>\n\n\n\n<p><br>El pronunciamiento se\u00f1ala que las afirmaciones constituyen acusaciones graves sin pruebas documentales y exige la presentaci\u00f3n inmediata de evidencias. Adem\u00e1s, advierte que, de no existir sustento, se considerar\u00e1n declaraciones falsas que afectan la honra y la investidura del cargo.<br>La Vicepresidencia tambi\u00e9n indic\u00f3 que la libertad de expresi\u00f3n no debe derivar en la difusi\u00f3n de informaci\u00f3n no verificada y sostuvo que los conflictos sociales actuales no guardan relaci\u00f3n con esa instancia. Asimismo, exhort\u00f3 a la poblaci\u00f3n a evitar la desinformaci\u00f3n y la confrontaci\u00f3n.<\/p>\n","protected":false},"excerpt":{"rendered":"<p>La Vicepresidencia del Estado rechaz\u00f3 las declaraciones de la periodista Amalia Pando, quien denunci\u00f3 un supuesto plan desestabilizador vinculado al Vicepresidente. A trav\u00e9s de un comunicado oficial, la instituci\u00f3n calific\u00f3 las acusaciones como carentes de sustento y sin respaldo verificable. El pronunciamiento se\u00f1ala que las afirmaciones constituyen acusaciones graves sin pruebas documentales y exige la [&hellip;]<\/p>\n","protected":false},"author":2,"featured_media":9099,"comment_status":"open","ping_status":"open","sticky":false,"template":"","format":"standard","meta":{"footnotes":""},"categories":[79],"tags":[],"class_list":{"0":"post-9098","1":"post","2":"type-post","3":"status-publish","4":"format-standard","5":"has-post-thumbnail","7":"category-politica"},"_links":{"self":[{"href":"https:\/\/novavoxnoticias.com\/index.php\/wp-json\/wp\/v2\/posts\/9098","targetHints":{"allow":["GET"]}}],"collection":[{"href":"https:\/\/novavoxnoticias.com\/index.php\/wp-json\/wp\/v2\/posts"}],"about":[{"href":"https:\/\/novavoxnoticias.com\/index.php\/wp-json\/wp\/v2\/types\/post"}],"author":[{"embeddable":true,"href":"https:\/\/novavoxnoticias.com\/index.php\/wp-json\/wp\/v2\/users\/2"}],"replies":[{"embeddable":true,"href":"https:\/\/novavoxnoticias.com\/index.php\/wp-json\/wp\/v2\/comments?post=9098"}],"version-history":[{"count":1,"href":"https:\/\/novavoxnoticias.com\/index.php\/wp-json\/wp\/v2\/posts\/9098\/revisions"}],"predecessor-version":[{"id":9100,"href":"https:\/\/novavoxnoticias.com\/index.php\/wp-json\/wp\/v2\/posts\/9098\/revisions\/9100"}],"wp:featuredmedia":[{"embeddable":true,"href":"https:\/\/novavoxnoticias.com\/index.php\/wp-json\/wp\/v2\/media\/9099"}],"wp:attachment":[{"href":"https:\/\/novavoxnoticias.com\/index.php\/wp-json\/wp\/v2\/media?parent=9098"}],"wp:term":[{"taxonomy":"category","embeddable":true,"href":"https:\/\/novavoxnoticias.com\/index.php\/wp-json\/wp\/v2\/categories?post=9098"},{"taxonomy":"post_tag","embeddable":true,"href":"https:\/\/novavoxnoticias.com\/index.php\/wp-json\/wp\/v2\/tags?post=9098"}],"curies":[{"name":"wp","href":"https:\/\/api.w.org\/{rel}","templated":true}]}}