{"id":9071,"date":"2026-04-26T18:03:21","date_gmt":"2026-04-26T22:03:21","guid":{"rendered":"https:\/\/novavoxnoticias.com\/?p=9071"},"modified":"2026-04-26T18:03:22","modified_gmt":"2026-04-26T22:03:22","slug":"la-paz-concentra-conflicto-por-diesel-y-transporte-anuncia-bloqueos-desde-este-lunes","status":"publish","type":"post","link":"https:\/\/novavoxnoticias.com\/index.php\/2026\/04\/26\/la-paz-concentra-conflicto-por-diesel-y-transporte-anuncia-bloqueos-desde-este-lunes\/","title":{"rendered":"La Paz concentra conflicto por di\u00e9sel y transporte anuncia bloqueos desde este lunes"},"content":{"rendered":"\n<p>La Paz se consolida como el principal foco del conflicto por la escasez de di\u00e9sel en el pa\u00eds, con sectores del transporte que anunciaron marchas y bloqueos desde este lunes 27 de abril. Las medidas responden a la falta de abastecimiento oportuno de combustible y a la ausencia de soluciones efectivas, seg\u00fan los dirigentes.<\/p>\n\n\n\n<p><br>La Federaci\u00f3n de Transporte Pesado confirm\u00f3 el cierre de carreteras en el norte pace\u00f1o de manera indefinida y convoc\u00f3 a la poblaci\u00f3n a prever el abastecimiento de alimentos ante una posible escalada del conflicto. En paralelo, la C\u00e1mara Departamental de Transporte de La Paz convoc\u00f3 a una movilizaci\u00f3n con concentraci\u00f3n en la extranca de Senkata desde las 07:00.<\/p>\n\n\n\n<p><br>A nivel nacional, en Cochabamba contin\u00faan las filas de veh\u00edculos en busca de combustible, mientras que en Santa Cruz se report\u00f3 una reducci\u00f3n de filas, aunque persiste la congesti\u00f3n de cisternas. Desde Yacimientos Petrol\u00edferos Fiscales Bolivianos se atribuy\u00f3 la situaci\u00f3n a una sobredemanda y se prev\u00e9 una disminuci\u00f3n progresiva de las filas en los pr\u00f3ximos d\u00edas.<\/p>\n","protected":false},"excerpt":{"rendered":"<p>La Paz se consolida como el principal foco del conflicto por la escasez de di\u00e9sel en el pa\u00eds, con sectores del transporte que anunciaron marchas y bloqueos desde este lunes 27 de abril. Las medidas responden a la falta de abastecimiento oportuno de combustible y a la ausencia de soluciones efectivas, seg\u00fan los dirigentes. La [&hellip;]<\/p>\n","protected":false},"author":2,"featured_media":9072,"comment_status":"open","ping_status":"open","sticky":false,"template":"","format":"standard","meta":{"footnotes":""},"categories":[81],"tags":[],"class_list":{"0":"post-9071","1":"post","2":"type-post","3":"status-publish","4":"format-standard","5":"has-post-thumbnail","7":"category-sociedad"},"_links":{"self":[{"href":"https:\/\/novavoxnoticias.com\/index.php\/wp-json\/wp\/v2\/posts\/9071","targetHints":{"allow":["GET"]}}],"collection":[{"href":"https:\/\/novavoxnoticias.com\/index.php\/wp-json\/wp\/v2\/posts"}],"about":[{"href":"https:\/\/novavoxnoticias.com\/index.php\/wp-json\/wp\/v2\/types\/post"}],"author":[{"embeddable":true,"href":"https:\/\/novavoxnoticias.com\/index.php\/wp-json\/wp\/v2\/users\/2"}],"replies":[{"embeddable":true,"href":"https:\/\/novavoxnoticias.com\/index.php\/wp-json\/wp\/v2\/comments?post=9071"}],"version-history":[{"count":1,"href":"https:\/\/novavoxnoticias.com\/index.php\/wp-json\/wp\/v2\/posts\/9071\/revisions"}],"predecessor-version":[{"id":9073,"href":"https:\/\/novavoxnoticias.com\/index.php\/wp-json\/wp\/v2\/posts\/9071\/revisions\/9073"}],"wp:featuredmedia":[{"embeddable":true,"href":"https:\/\/novavoxnoticias.com\/index.php\/wp-json\/wp\/v2\/media\/9072"}],"wp:attachment":[{"href":"https:\/\/novavoxnoticias.com\/index.php\/wp-json\/wp\/v2\/media?parent=9071"}],"wp:term":[{"taxonomy":"category","embeddable":true,"href":"https:\/\/novavoxnoticias.com\/index.php\/wp-json\/wp\/v2\/categories?post=9071"},{"taxonomy":"post_tag","embeddable":true,"href":"https:\/\/novavoxnoticias.com\/index.php\/wp-json\/wp\/v2\/tags?post=9071"}],"curies":[{"name":"wp","href":"https:\/\/api.w.org\/{rel}","templated":true}]}}