{"id":9061,"date":"2026-04-25T17:36:05","date_gmt":"2026-04-25T21:36:05","guid":{"rendered":"https:\/\/novavoxnoticias.com\/?p=9061"},"modified":"2026-04-25T17:36:08","modified_gmt":"2026-04-25T21:36:08","slug":"marcha-indigena-avanza-hacia-la-paz-y-crecen-tensiones-por-ley-1720-y-escasez-de-diesel","status":"publish","type":"post","link":"https:\/\/novavoxnoticias.com\/index.php\/2026\/04\/25\/marcha-indigena-avanza-hacia-la-paz-y-crecen-tensiones-por-ley-1720-y-escasez-de-diesel\/","title":{"rendered":"Marcha ind\u00edgena avanza hacia La Paz y crecen tensiones por Ley 1720 y escasez de di\u00e9sel"},"content":{"rendered":"\n<p>La marcha ind\u00edgena que parti\u00f3 desde Pando lleg\u00f3 este s\u00e1bado al municipio de Caranavi tras casi dos semanas de recorrido, en rechazo a la Ley 1720 y a la escasez de di\u00e9sel. La movilizaci\u00f3n se fortaleci\u00f3 con la incorporaci\u00f3n de al menos 300 marchistas en San Ignacio de Moxos y prev\u00e9 continuar su avance hacia la ciudad de La Paz, ubicada a 167 kil\u00f3metros.<\/p>\n\n\n\n<p>Los movilizados exigen la derogaci\u00f3n de la norma sobre reconversi\u00f3n de la tierra y advierten que afecta territorios ind\u00edgenas y peque\u00f1as propiedades productivas. Desde la Asamblea Legislativa, legisladores de oposici\u00f3n se\u00f1alaron que las protestas presentan coincidencias entre sectores y posibles motivaciones pol\u00edticas, mientras que desde el oficialismo se ratific\u00f3 la apertura al di\u00e1logo y se plante\u00f3 incluir ajustes a la ley para proteger la peque\u00f1a propiedad.<\/p>\n\n\n\n<p>A las protestas se sumaron sectores mineros que anunciaron respaldo a la marcha, mientras que transportistas de La Paz declararon estado de emergencia por la falta de combustibles. El sector anunci\u00f3 movilizaciones y bloqueos desde el lunes 27 de abril en Senkata, lo que podr\u00eda intensificar la conflictividad social y afectar la circulaci\u00f3n y el abastecimiento en el occidente del pa\u00eds.<\/p>\n","protected":false},"excerpt":{"rendered":"<p>La marcha ind\u00edgena que parti\u00f3 desde Pando lleg\u00f3 este s\u00e1bado al municipio de Caranavi tras casi dos semanas de recorrido, en rechazo a la Ley 1720 y a la escasez de di\u00e9sel. La movilizaci\u00f3n se fortaleci\u00f3 con la incorporaci\u00f3n de al menos 300 marchistas en San Ignacio de Moxos y prev\u00e9 continuar su avance hacia [&hellip;]<\/p>\n","protected":false},"author":1,"featured_media":9062,"comment_status":"open","ping_status":"open","sticky":false,"template":"","format":"standard","meta":{"footnotes":""},"categories":[79],"tags":[],"class_list":{"0":"post-9061","1":"post","2":"type-post","3":"status-publish","4":"format-standard","5":"has-post-thumbnail","7":"category-politica"},"_links":{"self":[{"href":"https:\/\/novavoxnoticias.com\/index.php\/wp-json\/wp\/v2\/posts\/9061","targetHints":{"allow":["GET"]}}],"collection":[{"href":"https:\/\/novavoxnoticias.com\/index.php\/wp-json\/wp\/v2\/posts"}],"about":[{"href":"https:\/\/novavoxnoticias.com\/index.php\/wp-json\/wp\/v2\/types\/post"}],"author":[{"embeddable":true,"href":"https:\/\/novavoxnoticias.com\/index.php\/wp-json\/wp\/v2\/users\/1"}],"replies":[{"embeddable":true,"href":"https:\/\/novavoxnoticias.com\/index.php\/wp-json\/wp\/v2\/comments?post=9061"}],"version-history":[{"count":1,"href":"https:\/\/novavoxnoticias.com\/index.php\/wp-json\/wp\/v2\/posts\/9061\/revisions"}],"predecessor-version":[{"id":9063,"href":"https:\/\/novavoxnoticias.com\/index.php\/wp-json\/wp\/v2\/posts\/9061\/revisions\/9063"}],"wp:featuredmedia":[{"embeddable":true,"href":"https:\/\/novavoxnoticias.com\/index.php\/wp-json\/wp\/v2\/media\/9062"}],"wp:attachment":[{"href":"https:\/\/novavoxnoticias.com\/index.php\/wp-json\/wp\/v2\/media?parent=9061"}],"wp:term":[{"taxonomy":"category","embeddable":true,"href":"https:\/\/novavoxnoticias.com\/index.php\/wp-json\/wp\/v2\/categories?post=9061"},{"taxonomy":"post_tag","embeddable":true,"href":"https:\/\/novavoxnoticias.com\/index.php\/wp-json\/wp\/v2\/tags?post=9061"}],"curies":[{"name":"wp","href":"https:\/\/api.w.org\/{rel}","templated":true}]}}