{"id":8956,"date":"2026-04-23T10:46:31","date_gmt":"2026-04-23T14:46:31","guid":{"rendered":"https:\/\/novavoxnoticias.com\/?p=8956"},"modified":"2026-04-23T10:46:32","modified_gmt":"2026-04-23T14:46:32","slug":"nino-sobreviviente-de-accidente-aereo-recibe-beca-y-vivienda","status":"publish","type":"post","link":"https:\/\/novavoxnoticias.com\/index.php\/2026\/04\/23\/nino-sobreviviente-de-accidente-aereo-recibe-beca-y-vivienda\/","title":{"rendered":"Ni\u00f1o sobreviviente de accidente a\u00e9reo recibe beca y vivienda"},"content":{"rendered":"\n<p>Rub\u00e9n, el ni\u00f1o que sobrevivi\u00f3 al accidente a\u00e9reo ocurrido en El Alto y perdi\u00f3 ambas piernas, recibi\u00f3 una beca de estudios de por vida y el acceso a una vivienda social, seg\u00fan inform\u00f3 el Ministerio de Defensa.<\/p>\n\n\n\n<p><br>El menor permaneci\u00f3 en terapia intensiva tras el hecho y, al recuperar la conciencia, conoci\u00f3 la muerte de su madre y sus hermanos, adem\u00e1s de las secuelas f\u00edsicas que le dej\u00f3 el siniestro.<\/p>\n\n\n\n<p><br>La cartera de Estado confirm\u00f3 que la ayuda incluye la cobertura total de su formaci\u00f3n acad\u00e9mica, como parte de las medidas de apoyo tras la tragedia a\u00e9rea registrada en esa ciudad.<\/p>\n\n\n\n<p><\/p>\n","protected":false},"excerpt":{"rendered":"<p>Rub\u00e9n, el ni\u00f1o que sobrevivi\u00f3 al accidente a\u00e9reo ocurrido en El Alto y perdi\u00f3 ambas piernas, recibi\u00f3 una beca de estudios de por vida y el acceso a una vivienda social, seg\u00fan inform\u00f3 el Ministerio de Defensa. El menor permaneci\u00f3 en terapia intensiva tras el hecho y, al recuperar la conciencia, conoci\u00f3 la muerte de [&hellip;]<\/p>\n","protected":false},"author":2,"featured_media":8963,"comment_status":"open","ping_status":"open","sticky":false,"template":"","format":"standard","meta":{"footnotes":""},"categories":[1,81],"tags":[],"class_list":{"0":"post-8956","1":"post","2":"type-post","3":"status-publish","4":"format-standard","5":"has-post-thumbnail","7":"category-pais","8":"category-sociedad"},"_links":{"self":[{"href":"https:\/\/novavoxnoticias.com\/index.php\/wp-json\/wp\/v2\/posts\/8956","targetHints":{"allow":["GET"]}}],"collection":[{"href":"https:\/\/novavoxnoticias.com\/index.php\/wp-json\/wp\/v2\/posts"}],"about":[{"href":"https:\/\/novavoxnoticias.com\/index.php\/wp-json\/wp\/v2\/types\/post"}],"author":[{"embeddable":true,"href":"https:\/\/novavoxnoticias.com\/index.php\/wp-json\/wp\/v2\/users\/2"}],"replies":[{"embeddable":true,"href":"https:\/\/novavoxnoticias.com\/index.php\/wp-json\/wp\/v2\/comments?post=8956"}],"version-history":[{"count":1,"href":"https:\/\/novavoxnoticias.com\/index.php\/wp-json\/wp\/v2\/posts\/8956\/revisions"}],"predecessor-version":[{"id":8964,"href":"https:\/\/novavoxnoticias.com\/index.php\/wp-json\/wp\/v2\/posts\/8956\/revisions\/8964"}],"wp:featuredmedia":[{"embeddable":true,"href":"https:\/\/novavoxnoticias.com\/index.php\/wp-json\/wp\/v2\/media\/8963"}],"wp:attachment":[{"href":"https:\/\/novavoxnoticias.com\/index.php\/wp-json\/wp\/v2\/media?parent=8956"}],"wp:term":[{"taxonomy":"category","embeddable":true,"href":"https:\/\/novavoxnoticias.com\/index.php\/wp-json\/wp\/v2\/categories?post=8956"},{"taxonomy":"post_tag","embeddable":true,"href":"https:\/\/novavoxnoticias.com\/index.php\/wp-json\/wp\/v2\/tags?post=8956"}],"curies":[{"name":"wp","href":"https:\/\/api.w.org\/{rel}","templated":true}]}}