{"id":8651,"date":"2026-04-17T09:00:49","date_gmt":"2026-04-17T13:00:49","guid":{"rendered":"https:\/\/novavoxnoticias.com\/?p=8651"},"modified":"2026-04-17T09:00:51","modified_gmt":"2026-04-17T13:00:51","slug":"tse-confirma-a-luis-revilla-como-gobernador-electo-y-descarta-segunda-vuelta-en-la-paz","status":"publish","type":"post","link":"https:\/\/novavoxnoticias.com\/index.php\/2026\/04\/17\/tse-confirma-a-luis-revilla-como-gobernador-electo-y-descarta-segunda-vuelta-en-la-paz\/","title":{"rendered":"TSE confirma a Luis Revilla como gobernador electo y descarta segunda vuelta en La Paz"},"content":{"rendered":"\n<p>El Tribunal Supremo Electoral confirm\u00f3 de forma oficial que Luis Revilla es el gobernador electo de La Paz y descart\u00f3 la realizaci\u00f3n de una segunda vuelta. La decisi\u00f3n se conoci\u00f3 tras el rechazo al amparo constitucional presentado por Ren\u00e9 Yahuasi.<\/p>\n\n\n\n<p><br>La Sala Constitucional Segunda de La Paz deneg\u00f3 la tutela solicitada y valid\u00f3 las actuaciones del TSE, al establecer que se cumplieron los procedimientos conforme a la normativa electoral. Con esta resoluci\u00f3n, se ratifica la proclamaci\u00f3n de Revilla como autoridad departamental.<\/p>\n\n\n\n<p><br>El presidente del TSE inform\u00f3 que la entrega de credenciales a las autoridades electas se realizar\u00e1 en la semana del 28 de abril y que las nuevas autoridades asumir\u00e1n funciones desde el 4 de mayo en todo el pa\u00eds.<\/p>\n","protected":false},"excerpt":{"rendered":"<p>El Tribunal Supremo Electoral confirm\u00f3 de forma oficial que Luis Revilla es el gobernador electo de La Paz y descart\u00f3 la realizaci\u00f3n de una segunda vuelta. La decisi\u00f3n se conoci\u00f3 tras el rechazo al amparo constitucional presentado por Ren\u00e9 Yahuasi. La Sala Constitucional Segunda de La Paz deneg\u00f3 la tutela solicitada y valid\u00f3 las actuaciones [&hellip;]<\/p>\n","protected":false},"author":2,"featured_media":8652,"comment_status":"open","ping_status":"open","sticky":false,"template":"","format":"standard","meta":{"footnotes":""},"categories":[1],"tags":[],"class_list":{"0":"post-8651","1":"post","2":"type-post","3":"status-publish","4":"format-standard","5":"has-post-thumbnail","7":"category-pais"},"_links":{"self":[{"href":"https:\/\/novavoxnoticias.com\/index.php\/wp-json\/wp\/v2\/posts\/8651","targetHints":{"allow":["GET"]}}],"collection":[{"href":"https:\/\/novavoxnoticias.com\/index.php\/wp-json\/wp\/v2\/posts"}],"about":[{"href":"https:\/\/novavoxnoticias.com\/index.php\/wp-json\/wp\/v2\/types\/post"}],"author":[{"embeddable":true,"href":"https:\/\/novavoxnoticias.com\/index.php\/wp-json\/wp\/v2\/users\/2"}],"replies":[{"embeddable":true,"href":"https:\/\/novavoxnoticias.com\/index.php\/wp-json\/wp\/v2\/comments?post=8651"}],"version-history":[{"count":1,"href":"https:\/\/novavoxnoticias.com\/index.php\/wp-json\/wp\/v2\/posts\/8651\/revisions"}],"predecessor-version":[{"id":8653,"href":"https:\/\/novavoxnoticias.com\/index.php\/wp-json\/wp\/v2\/posts\/8651\/revisions\/8653"}],"wp:featuredmedia":[{"embeddable":true,"href":"https:\/\/novavoxnoticias.com\/index.php\/wp-json\/wp\/v2\/media\/8652"}],"wp:attachment":[{"href":"https:\/\/novavoxnoticias.com\/index.php\/wp-json\/wp\/v2\/media?parent=8651"}],"wp:term":[{"taxonomy":"category","embeddable":true,"href":"https:\/\/novavoxnoticias.com\/index.php\/wp-json\/wp\/v2\/categories?post=8651"},{"taxonomy":"post_tag","embeddable":true,"href":"https:\/\/novavoxnoticias.com\/index.php\/wp-json\/wp\/v2\/tags?post=8651"}],"curies":[{"name":"wp","href":"https:\/\/api.w.org\/{rel}","templated":true}]}}