{"id":7611,"date":"2026-03-18T12:49:43","date_gmt":"2026-03-18T16:49:43","guid":{"rendered":"https:\/\/novavoxnoticias.com\/?p=7611"},"modified":"2026-03-18T12:53:00","modified_gmt":"2026-03-18T16:53:00","slug":"ministerio-de-educacion-de-bolivia-reemplaza-desfile-del-dia-del-mar-por-actos-civicos-en-colegios","status":"publish","type":"post","link":"https:\/\/novavoxnoticias.com\/index.php\/2026\/03\/18\/ministerio-de-educacion-de-bolivia-reemplaza-desfile-del-dia-del-mar-por-actos-civicos-en-colegios\/","title":{"rendered":"Ministerio de Educaci\u00f3n de Bolivia reemplaza desfile del D\u00eda del Mar por actos c\u00edvicos en colegios"},"content":{"rendered":"\n<p>El Ministerio de Educaci\u00f3n de Bolivia determin\u00f3 sustituir el tradicional desfile escolar por el D\u00eda del Mar por \u201cactos c\u00edvicos breves\u201d que deber\u00e1n realizarse en todas las unidades educativas del pa\u00eds el pr\u00f3ximo 23 de marzo.<\/p>\n\n\n\n<p><br>De acuerdo con un instructivo emitido el 17 de marzo, las actividades se desarrollar\u00e1n al inicio de la jornada acad\u00e9mica, con el objetivo de mantener el calendario escolar y garantizar la continuidad de las clases.<br>El programa conmemorativo incluir\u00e1 el izado de la bandera, la entonaci\u00f3n del Himno Nacional, la Marcha Naval y una reflexi\u00f3n c\u00edvica sobre la memoria hist\u00f3rica, la unidad nacional y la reivindicaci\u00f3n mar\u00edtima.<\/p>\n\n\n\n<p><br>Tradicionalmente, esta fecha era conmemorada con desfiles escolares y actos centrales en la Plaza Eduardo Avaroa, donde se rend\u00eda homenaje a los h\u00e9roes de la Guerra del Pac\u00edfico.<br>Hasta el momento, no se confirm\u00f3 si otras actividades oficiales o laborales relacionadas con esta fecha ser\u00e1n modificadas.<\/p>\n","protected":false},"excerpt":{"rendered":"<p>El Ministerio de Educaci\u00f3n de Bolivia determin\u00f3 sustituir el tradicional desfile escolar por el D\u00eda del Mar por \u201cactos c\u00edvicos breves\u201d que deber\u00e1n realizarse en todas las unidades educativas del pa\u00eds el pr\u00f3ximo 23 de marzo. De acuerdo con un instructivo emitido el 17 de marzo, las actividades se desarrollar\u00e1n al inicio de la jornada [&hellip;]<\/p>\n","protected":false},"author":2,"featured_media":7612,"comment_status":"open","ping_status":"open","sticky":false,"template":"","format":"standard","meta":{"footnotes":""},"categories":[81],"tags":[],"class_list":{"0":"post-7611","1":"post","2":"type-post","3":"status-publish","4":"format-standard","5":"has-post-thumbnail","7":"category-sociedad"},"_links":{"self":[{"href":"https:\/\/novavoxnoticias.com\/index.php\/wp-json\/wp\/v2\/posts\/7611","targetHints":{"allow":["GET"]}}],"collection":[{"href":"https:\/\/novavoxnoticias.com\/index.php\/wp-json\/wp\/v2\/posts"}],"about":[{"href":"https:\/\/novavoxnoticias.com\/index.php\/wp-json\/wp\/v2\/types\/post"}],"author":[{"embeddable":true,"href":"https:\/\/novavoxnoticias.com\/index.php\/wp-json\/wp\/v2\/users\/2"}],"replies":[{"embeddable":true,"href":"https:\/\/novavoxnoticias.com\/index.php\/wp-json\/wp\/v2\/comments?post=7611"}],"version-history":[{"count":1,"href":"https:\/\/novavoxnoticias.com\/index.php\/wp-json\/wp\/v2\/posts\/7611\/revisions"}],"predecessor-version":[{"id":7613,"href":"https:\/\/novavoxnoticias.com\/index.php\/wp-json\/wp\/v2\/posts\/7611\/revisions\/7613"}],"wp:featuredmedia":[{"embeddable":true,"href":"https:\/\/novavoxnoticias.com\/index.php\/wp-json\/wp\/v2\/media\/7612"}],"wp:attachment":[{"href":"https:\/\/novavoxnoticias.com\/index.php\/wp-json\/wp\/v2\/media?parent=7611"}],"wp:term":[{"taxonomy":"category","embeddable":true,"href":"https:\/\/novavoxnoticias.com\/index.php\/wp-json\/wp\/v2\/categories?post=7611"},{"taxonomy":"post_tag","embeddable":true,"href":"https:\/\/novavoxnoticias.com\/index.php\/wp-json\/wp\/v2\/tags?post=7611"}],"curies":[{"name":"wp","href":"https:\/\/api.w.org\/{rel}","templated":true}]}}