{"id":6894,"date":"2026-02-27T17:16:49","date_gmt":"2026-02-27T21:16:49","guid":{"rendered":"https:\/\/novavoxnoticias.com\/?p=6894"},"modified":"2026-02-27T17:16:50","modified_gmt":"2026-02-27T21:16:50","slug":"riveros-propone-industrializar-la-paz-y-modernizar-la-gestion-publica","status":"publish","type":"post","link":"https:\/\/novavoxnoticias.com\/index.php\/2026\/02\/27\/riveros-propone-industrializar-la-paz-y-modernizar-la-gestion-publica\/","title":{"rendered":"Riveros propone industrializar La Paz y modernizar la gesti\u00f3n p\u00fablica"},"content":{"rendered":"\n<p>En un foro acad\u00e9mico organizado por la Federaci\u00f3n de Empresarios Privados de La Paz, la Fundaci\u00f3n Jubileo y la Universidad Mayor de San Andr\u00e9s, el candidato a la Gobernaci\u00f3n pace\u00f1a, Antonio Riveros, present\u00f3 un plan centrado en la industrializaci\u00f3n del departamento y la modernizaci\u00f3n institucional.<\/p>\n\n\n\n<p>Durante el encuentro, Juan Carlos N\u00fa\u00f1ez, representante de la Fundaci\u00f3n Jubileo, se\u00f1al\u00f3 que la pobreza por ingresos en Bolivia ronda el 46%, en un contexto marcado por la inflaci\u00f3n.<\/p>\n\n\n\n<h3 class=\"wp-block-heading\">Propuesta productiva: industrializaci\u00f3n y valor agregado<\/h3>\n\n\n\n<p>Riveros plante\u00f3 un modelo de desarrollo sostenible basado en:<\/p>\n\n\n\n<ul class=\"wp-block-list\">\n<li><strong>Industrializaci\u00f3n de la producci\u00f3n provincial<\/strong>, con transformaci\u00f3n local de materias primas.<\/li>\n\n\n\n<li><strong>Impulso a cadenas productivas de exportaci\u00f3n<\/strong>, como el caf\u00e9 de alta calidad y la quinua real.<\/li>\n\n\n\n<li><strong>Fortalecimiento del empleo digno<\/strong> en provincias y apoyo al microemprendimiento tecnol\u00f3gico.<\/li>\n\n\n\n<li><strong>Producci\u00f3n agr\u00edcola permanente<\/strong>, mediante tecnificaci\u00f3n y gesti\u00f3n eficiente del agua.<\/li>\n<\/ul>\n\n\n\n<p>El objetivo, seg\u00fan explic\u00f3, es dejar atr\u00e1s una econom\u00eda dependiente de factores clim\u00e1ticos y consolidar un sistema productivo continuo, con valor agregado generado en el propio departamento.<\/p>\n\n\n\n<h3 class=\"wp-block-heading\">Modernizaci\u00f3n tecnol\u00f3gica del Estado<\/h3>\n\n\n\n<p>El programa contempla la digitalizaci\u00f3n de la gesti\u00f3n p\u00fablica departamental. Entre las medidas anunciadas figuran:<\/p>\n\n\n\n<ul class=\"wp-block-list\">\n<li>Sistemas de control de compras p\u00fablicas con tecnolog\u00eda blockchain.<\/li>\n\n\n\n<li>Tableros digitales de monitoreo para detectar sobreprecios.<\/li>\n\n\n\n<li>Plataformas virtuales para agilizar tr\u00e1mites administrativos.<\/li>\n<\/ul>\n\n\n\n<p>La propuesta busca transparentar procesos, optimizar recursos y reducir tiempos en la administraci\u00f3n p\u00fablica.<\/p>\n\n\n\n<h3 class=\"wp-block-heading\">Financiamiento y proyecci\u00f3n econ\u00f3mica<\/h3>\n\n\n\n<p>En materia financiera, Riveros propuso alianzas con organismos internacionales y el sector privado para crear complejos industriales y polos productivos. Tambi\u00e9n mencion\u00f3 proyectos tur\u00edsticos, innovaci\u00f3n municipal, infraestructura vial y fortalecimiento del sector salud como ejes complementarios.<\/p>\n\n\n\n<p>El candidato proyect\u00f3 que, al final de su gesti\u00f3n, la producci\u00f3n departamental podr\u00eda movilizar hasta 3.000 millones de d\u00f3lares, con impacto directo en productores de las 20 provincias pace\u00f1as.<\/p>\n\n\n\n<p>Por su parte, la rectora de la UMSA, Mar\u00eda Eugenia Garc\u00eda, destac\u00f3 el rol de la universidad como un espacio donde \u201clas ideas se confrontan con respeto y la libertad de expresi\u00f3n se ejerce como pr\u00e1ctica cotidiana\u201d.<\/p>\n","protected":false},"excerpt":{"rendered":"<p>En un foro acad\u00e9mico organizado por la Federaci\u00f3n de Empresarios Privados de La Paz, la Fundaci\u00f3n Jubileo y la Universidad Mayor de San Andr\u00e9s, el candidato a la Gobernaci\u00f3n pace\u00f1a, Antonio Riveros, present\u00f3 un plan centrado en la industrializaci\u00f3n del departamento y la modernizaci\u00f3n institucional. Durante el encuentro, Juan Carlos N\u00fa\u00f1ez, representante de la Fundaci\u00f3n [&hellip;]<\/p>\n","protected":false},"author":1,"featured_media":6895,"comment_status":"open","ping_status":"open","sticky":false,"template":"","format":"standard","meta":{"footnotes":""},"categories":[1],"tags":[],"class_list":{"0":"post-6894","1":"post","2":"type-post","3":"status-publish","4":"format-standard","5":"has-post-thumbnail","7":"category-pais"},"_links":{"self":[{"href":"https:\/\/novavoxnoticias.com\/index.php\/wp-json\/wp\/v2\/posts\/6894","targetHints":{"allow":["GET"]}}],"collection":[{"href":"https:\/\/novavoxnoticias.com\/index.php\/wp-json\/wp\/v2\/posts"}],"about":[{"href":"https:\/\/novavoxnoticias.com\/index.php\/wp-json\/wp\/v2\/types\/post"}],"author":[{"embeddable":true,"href":"https:\/\/novavoxnoticias.com\/index.php\/wp-json\/wp\/v2\/users\/1"}],"replies":[{"embeddable":true,"href":"https:\/\/novavoxnoticias.com\/index.php\/wp-json\/wp\/v2\/comments?post=6894"}],"version-history":[{"count":1,"href":"https:\/\/novavoxnoticias.com\/index.php\/wp-json\/wp\/v2\/posts\/6894\/revisions"}],"predecessor-version":[{"id":6896,"href":"https:\/\/novavoxnoticias.com\/index.php\/wp-json\/wp\/v2\/posts\/6894\/revisions\/6896"}],"wp:featuredmedia":[{"embeddable":true,"href":"https:\/\/novavoxnoticias.com\/index.php\/wp-json\/wp\/v2\/media\/6895"}],"wp:attachment":[{"href":"https:\/\/novavoxnoticias.com\/index.php\/wp-json\/wp\/v2\/media?parent=6894"}],"wp:term":[{"taxonomy":"category","embeddable":true,"href":"https:\/\/novavoxnoticias.com\/index.php\/wp-json\/wp\/v2\/categories?post=6894"},{"taxonomy":"post_tag","embeddable":true,"href":"https:\/\/novavoxnoticias.com\/index.php\/wp-json\/wp\/v2\/tags?post=6894"}],"curies":[{"name":"wp","href":"https:\/\/api.w.org\/{rel}","templated":true}]}}