{"id":6713,"date":"2026-02-22T16:27:43","date_gmt":"2026-02-22T20:27:43","guid":{"rendered":"https:\/\/novavoxnoticias.com\/?p=6713"},"modified":"2026-02-22T16:27:45","modified_gmt":"2026-02-22T20:27:45","slug":"el-alto-candidato-david-vargas-encabeza-caminata-con-simpatizantes-en-el-distrito-3","status":"publish","type":"post","link":"https:\/\/novavoxnoticias.com\/index.php\/2026\/02\/22\/el-alto-candidato-david-vargas-encabeza-caminata-con-simpatizantes-en-el-distrito-3\/","title":{"rendered":"El Alto: Candidato David Vargas encabeza caminata con simpatizantes en el Distrito 3"},"content":{"rendered":"\n<p>El candidato a la Alcald\u00eda de El Alto, David Vargas, del Movimiento Tercer Sistema, particip\u00f3 este s\u00e1bado en una caminata junto a simpatizantes en el Distrito 3 de la urbe alte\u00f1a. La actividad form\u00f3 parte de su agenda de campa\u00f1a rumbo a las elecciones municipales.<\/p>\n\n\n\n<p>La movilizaci\u00f3n parti\u00f3 desde inmediaciones del Hospital del Sur y recorri\u00f3 varias zonas hasta el cruce de Villa Adela. Durante el trayecto se observ\u00f3 la presencia de vecinos, comerciantes, transportistas y otros sectores que acompa\u00f1aron la actividad, adem\u00e1s de banderas y consignas de respaldo al postulante.<\/p>\n\n\n\n<p>En el recorrido, Vargas expuso propuestas vinculadas a seguridad ciudadana y desarrollo urbano, y se\u00f1al\u00f3 que busca trabajar de manera coordinada con los 14 distritos y organizaciones sociales. La caminata permiti\u00f3 tambi\u00e9n el intercambio de planteamientos entre el candidato y vecinos que expresaron demandas sobre distintos temas municipales.<\/p>\n","protected":false},"excerpt":{"rendered":"<p>El candidato a la Alcald\u00eda de El Alto, David Vargas, del Movimiento Tercer Sistema, particip\u00f3 este s\u00e1bado en una caminata junto a simpatizantes en el Distrito 3 de la urbe alte\u00f1a. La actividad form\u00f3 parte de su agenda de campa\u00f1a rumbo a las elecciones municipales. La movilizaci\u00f3n parti\u00f3 desde inmediaciones del Hospital del Sur y [&hellip;]<\/p>\n","protected":false},"author":1,"featured_media":6714,"comment_status":"open","ping_status":"open","sticky":false,"template":"","format":"standard","meta":{"footnotes":""},"categories":[79],"tags":[],"class_list":{"0":"post-6713","1":"post","2":"type-post","3":"status-publish","4":"format-standard","5":"has-post-thumbnail","7":"category-politica"},"_links":{"self":[{"href":"https:\/\/novavoxnoticias.com\/index.php\/wp-json\/wp\/v2\/posts\/6713","targetHints":{"allow":["GET"]}}],"collection":[{"href":"https:\/\/novavoxnoticias.com\/index.php\/wp-json\/wp\/v2\/posts"}],"about":[{"href":"https:\/\/novavoxnoticias.com\/index.php\/wp-json\/wp\/v2\/types\/post"}],"author":[{"embeddable":true,"href":"https:\/\/novavoxnoticias.com\/index.php\/wp-json\/wp\/v2\/users\/1"}],"replies":[{"embeddable":true,"href":"https:\/\/novavoxnoticias.com\/index.php\/wp-json\/wp\/v2\/comments?post=6713"}],"version-history":[{"count":1,"href":"https:\/\/novavoxnoticias.com\/index.php\/wp-json\/wp\/v2\/posts\/6713\/revisions"}],"predecessor-version":[{"id":6715,"href":"https:\/\/novavoxnoticias.com\/index.php\/wp-json\/wp\/v2\/posts\/6713\/revisions\/6715"}],"wp:featuredmedia":[{"embeddable":true,"href":"https:\/\/novavoxnoticias.com\/index.php\/wp-json\/wp\/v2\/media\/6714"}],"wp:attachment":[{"href":"https:\/\/novavoxnoticias.com\/index.php\/wp-json\/wp\/v2\/media?parent=6713"}],"wp:term":[{"taxonomy":"category","embeddable":true,"href":"https:\/\/novavoxnoticias.com\/index.php\/wp-json\/wp\/v2\/categories?post=6713"},{"taxonomy":"post_tag","embeddable":true,"href":"https:\/\/novavoxnoticias.com\/index.php\/wp-json\/wp\/v2\/tags?post=6713"}],"curies":[{"name":"wp","href":"https:\/\/api.w.org\/{rel}","templated":true}]}}