{"id":6532,"date":"2026-02-13T18:08:42","date_gmt":"2026-02-13T22:08:42","guid":{"rendered":"https:\/\/novavoxnoticias.com\/?p=6532"},"modified":"2026-02-13T18:08:43","modified_gmt":"2026-02-13T22:08:43","slug":"deslizamiento-en-amayapampa-deja-dos-fallecidos-en-chayanta","status":"publish","type":"post","link":"https:\/\/novavoxnoticias.com\/index.php\/2026\/02\/13\/deslizamiento-en-amayapampa-deja-dos-fallecidos-en-chayanta\/","title":{"rendered":"Deslizamiento en Amayapampa deja dos fallecidos en Chayanta"},"content":{"rendered":"\n<p>Un deslizamiento de tierra en la mina aur\u00edfera de Amayapampa provoc\u00f3 la muerte de dos personas en el municipio de Chayanta, provincia Rafael Bustillo, en el norte de Potos\u00ed. El hecho ocurri\u00f3 este viernes en un sector donde se registr\u00f3 movimiento de material que sepult\u00f3 a las v\u00edctimas, seg\u00fan reportes policiales.<\/p>\n\n\n\n<p>De acuerdo con informaci\u00f3n preliminar, los fallecidos no pertenec\u00edan a la empresa estatal, sino que ingresaron al \u00e1rea como buscadores de oro. Las v\u00edctimas son un adolescente de 15 a\u00f1os y un hombre de 38. Adem\u00e1s, una mujer result\u00f3 herida y recibi\u00f3 atenci\u00f3n por lesiones corporales.<\/p>\n\n\n\n<p>La mina de Amayapampa es considerada la principal reserva aur\u00edfera del departamento y opera bajo administraci\u00f3n de la Corporaci\u00f3n Minera de Bolivia (Comibol). La gerencia emiti\u00f3 un comunicado en el que advirti\u00f3 que el ingreso no autorizado y la sustracci\u00f3n de mineral constituyen delito y pueden derivar en acciones penales.<\/p>\n\n\n\n<p>Autoridades alertaron sobre el riesgo de nuevos deslizamientos en la zona, especialmente para personas que ingresan sin medidas de seguridad. En paralelo, familiares de trabajadores de la unidad productiva expresaron preocupaci\u00f3n por posibles afectaciones a la fuente laboral vinculada a la operaci\u00f3n estatal.<\/p>\n","protected":false},"excerpt":{"rendered":"<p>Un deslizamiento de tierra en la mina aur\u00edfera de Amayapampa provoc\u00f3 la muerte de dos personas en el municipio de Chayanta, provincia Rafael Bustillo, en el norte de Potos\u00ed. El hecho ocurri\u00f3 este viernes en un sector donde se registr\u00f3 movimiento de material que sepult\u00f3 a las v\u00edctimas, seg\u00fan reportes policiales. De acuerdo con informaci\u00f3n [&hellip;]<\/p>\n","protected":false},"author":2,"featured_media":6533,"comment_status":"open","ping_status":"open","sticky":false,"template":"","format":"standard","meta":{"footnotes":""},"categories":[83],"tags":[],"class_list":{"0":"post-6532","1":"post","2":"type-post","3":"status-publish","4":"format-standard","5":"has-post-thumbnail","7":"category-seguridad"},"_links":{"self":[{"href":"https:\/\/novavoxnoticias.com\/index.php\/wp-json\/wp\/v2\/posts\/6532","targetHints":{"allow":["GET"]}}],"collection":[{"href":"https:\/\/novavoxnoticias.com\/index.php\/wp-json\/wp\/v2\/posts"}],"about":[{"href":"https:\/\/novavoxnoticias.com\/index.php\/wp-json\/wp\/v2\/types\/post"}],"author":[{"embeddable":true,"href":"https:\/\/novavoxnoticias.com\/index.php\/wp-json\/wp\/v2\/users\/2"}],"replies":[{"embeddable":true,"href":"https:\/\/novavoxnoticias.com\/index.php\/wp-json\/wp\/v2\/comments?post=6532"}],"version-history":[{"count":1,"href":"https:\/\/novavoxnoticias.com\/index.php\/wp-json\/wp\/v2\/posts\/6532\/revisions"}],"predecessor-version":[{"id":6534,"href":"https:\/\/novavoxnoticias.com\/index.php\/wp-json\/wp\/v2\/posts\/6532\/revisions\/6534"}],"wp:featuredmedia":[{"embeddable":true,"href":"https:\/\/novavoxnoticias.com\/index.php\/wp-json\/wp\/v2\/media\/6533"}],"wp:attachment":[{"href":"https:\/\/novavoxnoticias.com\/index.php\/wp-json\/wp\/v2\/media?parent=6532"}],"wp:term":[{"taxonomy":"category","embeddable":true,"href":"https:\/\/novavoxnoticias.com\/index.php\/wp-json\/wp\/v2\/categories?post=6532"},{"taxonomy":"post_tag","embeddable":true,"href":"https:\/\/novavoxnoticias.com\/index.php\/wp-json\/wp\/v2\/tags?post=6532"}],"curies":[{"name":"wp","href":"https:\/\/api.w.org\/{rel}","templated":true}]}}