{"id":6513,"date":"2026-02-12T18:57:13","date_gmt":"2026-02-12T22:57:13","guid":{"rendered":"https:\/\/novavoxnoticias.com\/?p=6513"},"modified":"2026-02-12T18:57:14","modified_gmt":"2026-02-12T22:57:14","slug":"accidente-en-tunel-san-rafael-deja-dos-fallecidos-en-la-via-la-paz-yolosita","status":"publish","type":"post","link":"https:\/\/novavoxnoticias.com\/index.php\/2026\/02\/12\/accidente-en-tunel-san-rafael-deja-dos-fallecidos-en-la-via-la-paz-yolosita\/","title":{"rendered":"Accidente en t\u00fanel San Rafael deja dos fallecidos en la v\u00eda La Paz\u2013Yolosita"},"content":{"rendered":"\n<p>Un accidente de tr\u00e1nsito registrado la tarde de este jueves en el t\u00fanel San Rafael, sobre la carretera La Paz\u2013Yolosita, dej\u00f3 como saldo dos personas fallecidas, seg\u00fan informes preliminares de autoridades de Tr\u00e1nsito. El hecho gener\u00f3 movilizaci\u00f3n policial en este tramo de conexi\u00f3n entre la sede de gobierno y los Yungas.<\/p>\n\n\n\n<p>Las circunstancias del siniestro a\u00fan se encuentran bajo investigaci\u00f3n. Personal especializado inici\u00f3 pericias para establecer las causas del choque y determinar responsabilidades conforme a la normativa vigente en Bolivia.<\/p>\n\n\n\n<p>Equipos de emergencia acudieron al lugar para realizar tareas de rescate y coordinar el levantamiento legal de los cuerpos. El tr\u00e1nsito en la zona present\u00f3 restricciones temporales mientras se desarrollaban las labores operativas.<\/p>\n\n\n\n<p>La carretera La Paz\u2013Yolosita registra alto flujo vehicular, especialmente en temporada de lluvias y fines de semana. Las autoridades exhortaron a los conductores a circular con precauci\u00f3n y respetar las se\u00f1ales viales para prevenir nuevos hechos lamentables.<\/p>\n","protected":false},"excerpt":{"rendered":"<p>Un accidente de tr\u00e1nsito registrado la tarde de este jueves en el t\u00fanel San Rafael, sobre la carretera La Paz\u2013Yolosita, dej\u00f3 como saldo dos personas fallecidas, seg\u00fan informes preliminares de autoridades de Tr\u00e1nsito. El hecho gener\u00f3 movilizaci\u00f3n policial en este tramo de conexi\u00f3n entre la sede de gobierno y los Yungas. Las circunstancias del siniestro [&hellip;]<\/p>\n","protected":false},"author":2,"featured_media":6514,"comment_status":"open","ping_status":"open","sticky":false,"template":"","format":"standard","meta":{"footnotes":""},"categories":[83],"tags":[],"class_list":{"0":"post-6513","1":"post","2":"type-post","3":"status-publish","4":"format-standard","5":"has-post-thumbnail","7":"category-seguridad"},"_links":{"self":[{"href":"https:\/\/novavoxnoticias.com\/index.php\/wp-json\/wp\/v2\/posts\/6513","targetHints":{"allow":["GET"]}}],"collection":[{"href":"https:\/\/novavoxnoticias.com\/index.php\/wp-json\/wp\/v2\/posts"}],"about":[{"href":"https:\/\/novavoxnoticias.com\/index.php\/wp-json\/wp\/v2\/types\/post"}],"author":[{"embeddable":true,"href":"https:\/\/novavoxnoticias.com\/index.php\/wp-json\/wp\/v2\/users\/2"}],"replies":[{"embeddable":true,"href":"https:\/\/novavoxnoticias.com\/index.php\/wp-json\/wp\/v2\/comments?post=6513"}],"version-history":[{"count":1,"href":"https:\/\/novavoxnoticias.com\/index.php\/wp-json\/wp\/v2\/posts\/6513\/revisions"}],"predecessor-version":[{"id":6515,"href":"https:\/\/novavoxnoticias.com\/index.php\/wp-json\/wp\/v2\/posts\/6513\/revisions\/6515"}],"wp:featuredmedia":[{"embeddable":true,"href":"https:\/\/novavoxnoticias.com\/index.php\/wp-json\/wp\/v2\/media\/6514"}],"wp:attachment":[{"href":"https:\/\/novavoxnoticias.com\/index.php\/wp-json\/wp\/v2\/media?parent=6513"}],"wp:term":[{"taxonomy":"category","embeddable":true,"href":"https:\/\/novavoxnoticias.com\/index.php\/wp-json\/wp\/v2\/categories?post=6513"},{"taxonomy":"post_tag","embeddable":true,"href":"https:\/\/novavoxnoticias.com\/index.php\/wp-json\/wp\/v2\/tags?post=6513"}],"curies":[{"name":"wp","href":"https:\/\/api.w.org\/{rel}","templated":true}]}}