{"id":6191,"date":"2026-02-02T22:06:36","date_gmt":"2026-02-03T02:06:36","guid":{"rendered":"https:\/\/novavoxnoticias.com\/?p=6191"},"modified":"2026-02-02T22:06:37","modified_gmt":"2026-02-03T02:06:37","slug":"encuesta-registra-caida-de-la-aprobacion-de-edmand-lara-hasta-el-20","status":"publish","type":"post","link":"https:\/\/novavoxnoticias.com\/index.php\/2026\/02\/02\/encuesta-registra-caida-de-la-aprobacion-de-edmand-lara-hasta-el-20\/","title":{"rendered":"Encuesta registra ca\u00edda de la aprobaci\u00f3n de Edmand Lara hasta el 20%"},"content":{"rendered":"\n<p>La aprobaci\u00f3n a la gesti\u00f3n del vicepresidente Edmand Lara descendi\u00f3 al 20% en enero, tras ubicarse en 34% en noviembre, seg\u00fan una encuesta de Ipsos-CIESMORI difundida por la red Unitel. El estudio refleja una disminuci\u00f3n sostenida en la percepci\u00f3n ciudadana sobre su desempe\u00f1o.<\/p>\n\n\n\n<p><br>Los datos muestran que el 68% de los encuestados desaprueba la labor del vicepresidente, mientras que un 12% se\u00f1ala no tener una opini\u00f3n definida. La medici\u00f3n se realiz\u00f3 entre el 16 y el 28 de enero en Santa Cruz, Cochabamba, La Paz y El Alto.<\/p>\n\n\n\n<p><br>La tendencia evidencia un retroceso progresivo en los \u00faltimos meses. En diciembre, el respaldo a Lara se ubic\u00f3 en 32% y en enero registr\u00f3 su nivel m\u00e1s bajo desde el inicio de la actual gesti\u00f3n gubernamental.<br>En contraste, el presidente Rodrigo Paz Pereira mantiene un respaldo mayoritario del 65%, de acuerdo con el mismo estudio. La encuesta se aplic\u00f3 a una muestra de 400 personas y cuenta con un margen de error de \u00b14,9%.<\/p>\n","protected":false},"excerpt":{"rendered":"<p>La aprobaci\u00f3n a la gesti\u00f3n del vicepresidente Edmand Lara descendi\u00f3 al 20% en enero, tras ubicarse en 34% en noviembre, seg\u00fan una encuesta de Ipsos-CIESMORI difundida por la red Unitel. El estudio refleja una disminuci\u00f3n sostenida en la percepci\u00f3n ciudadana sobre su desempe\u00f1o. Los datos muestran que el 68% de los encuestados desaprueba la labor [&hellip;]<\/p>\n","protected":false},"author":2,"featured_media":6192,"comment_status":"open","ping_status":"open","sticky":false,"template":"","format":"standard","meta":{"footnotes":""},"categories":[79],"tags":[],"class_list":{"0":"post-6191","1":"post","2":"type-post","3":"status-publish","4":"format-standard","5":"has-post-thumbnail","7":"category-politica"},"_links":{"self":[{"href":"https:\/\/novavoxnoticias.com\/index.php\/wp-json\/wp\/v2\/posts\/6191","targetHints":{"allow":["GET"]}}],"collection":[{"href":"https:\/\/novavoxnoticias.com\/index.php\/wp-json\/wp\/v2\/posts"}],"about":[{"href":"https:\/\/novavoxnoticias.com\/index.php\/wp-json\/wp\/v2\/types\/post"}],"author":[{"embeddable":true,"href":"https:\/\/novavoxnoticias.com\/index.php\/wp-json\/wp\/v2\/users\/2"}],"replies":[{"embeddable":true,"href":"https:\/\/novavoxnoticias.com\/index.php\/wp-json\/wp\/v2\/comments?post=6191"}],"version-history":[{"count":1,"href":"https:\/\/novavoxnoticias.com\/index.php\/wp-json\/wp\/v2\/posts\/6191\/revisions"}],"predecessor-version":[{"id":6193,"href":"https:\/\/novavoxnoticias.com\/index.php\/wp-json\/wp\/v2\/posts\/6191\/revisions\/6193"}],"wp:featuredmedia":[{"embeddable":true,"href":"https:\/\/novavoxnoticias.com\/index.php\/wp-json\/wp\/v2\/media\/6192"}],"wp:attachment":[{"href":"https:\/\/novavoxnoticias.com\/index.php\/wp-json\/wp\/v2\/media?parent=6191"}],"wp:term":[{"taxonomy":"category","embeddable":true,"href":"https:\/\/novavoxnoticias.com\/index.php\/wp-json\/wp\/v2\/categories?post=6191"},{"taxonomy":"post_tag","embeddable":true,"href":"https:\/\/novavoxnoticias.com\/index.php\/wp-json\/wp\/v2\/tags?post=6191"}],"curies":[{"name":"wp","href":"https:\/\/api.w.org\/{rel}","templated":true}]}}