{"id":5883,"date":"2026-01-22T11:16:55","date_gmt":"2026-01-22T15:16:55","guid":{"rendered":"https:\/\/novavoxnoticias.com\/?p=5883"},"modified":"2026-01-22T11:16:57","modified_gmt":"2026-01-22T15:16:57","slug":"lara-encabezo-acto-en-la-apacheta-por-el-dia-del-estado-plurinacional","status":"publish","type":"post","link":"https:\/\/novavoxnoticias.com\/index.php\/2026\/01\/22\/lara-encabezo-acto-en-la-apacheta-por-el-dia-del-estado-plurinacional\/","title":{"rendered":"Lara encabez\u00f3 acto en la Apacheta por el D\u00eda del Estado Plurinacional"},"content":{"rendered":"\n<p>El vicepresidente Edmand Lara presidi\u00f3 este jueves un acto por el D\u00eda del Estado Plurinacional en la Apacheta, en la carretera La Paz\u2013Oruro. La concentraci\u00f3n, convocada para las 06:00, se instal\u00f3 cerca de las 09:00 con un grupo reducido de asistentes.<\/p>\n\n\n\n<p>Durante su discurso, la autoridad expres\u00f3 su molestia por la negativa para usar la plaza Murillo como escenario del evento. En su intervenci\u00f3n, tambi\u00e9n dirigi\u00f3 mensajes cr\u00edticos al presidente Rodrigo Paz y se refiri\u00f3 al rol de los pueblos ind\u00edgenas en la historia del pa\u00eds.<\/p>\n\n\n\n<p>El acto se desarroll\u00f3 en el sector donde se realizan ofrendas a la Pachamama. Lara estuvo acompa\u00f1ado por su esposa, la diputada Diana Romero, y por seguidores que participaron de la conmemoraci\u00f3n.<\/p>\n\n\n\n<p>En la parte final de su alocuci\u00f3n, el Vicepresidente afirm\u00f3 que el poder no es permanente y advirti\u00f3 que el respaldo popular puede cambiar. El evento form\u00f3 parte de las actividades previstas por los 17 a\u00f1os del Estado Plurinacional de Bolivia.<\/p>\n","protected":false},"excerpt":{"rendered":"<p>El vicepresidente Edmand Lara presidi\u00f3 este jueves un acto por el D\u00eda del Estado Plurinacional en la Apacheta, en la carretera La Paz\u2013Oruro. La concentraci\u00f3n, convocada para las 06:00, se instal\u00f3 cerca de las 09:00 con un grupo reducido de asistentes. Durante su discurso, la autoridad expres\u00f3 su molestia por la negativa para usar la [&hellip;]<\/p>\n","protected":false},"author":1,"featured_media":5884,"comment_status":"open","ping_status":"open","sticky":false,"template":"","format":"standard","meta":{"footnotes":""},"categories":[81],"tags":[],"class_list":{"0":"post-5883","1":"post","2":"type-post","3":"status-publish","4":"format-standard","5":"has-post-thumbnail","7":"category-sociedad"},"_links":{"self":[{"href":"https:\/\/novavoxnoticias.com\/index.php\/wp-json\/wp\/v2\/posts\/5883","targetHints":{"allow":["GET"]}}],"collection":[{"href":"https:\/\/novavoxnoticias.com\/index.php\/wp-json\/wp\/v2\/posts"}],"about":[{"href":"https:\/\/novavoxnoticias.com\/index.php\/wp-json\/wp\/v2\/types\/post"}],"author":[{"embeddable":true,"href":"https:\/\/novavoxnoticias.com\/index.php\/wp-json\/wp\/v2\/users\/1"}],"replies":[{"embeddable":true,"href":"https:\/\/novavoxnoticias.com\/index.php\/wp-json\/wp\/v2\/comments?post=5883"}],"version-history":[{"count":1,"href":"https:\/\/novavoxnoticias.com\/index.php\/wp-json\/wp\/v2\/posts\/5883\/revisions"}],"predecessor-version":[{"id":5885,"href":"https:\/\/novavoxnoticias.com\/index.php\/wp-json\/wp\/v2\/posts\/5883\/revisions\/5885"}],"wp:featuredmedia":[{"embeddable":true,"href":"https:\/\/novavoxnoticias.com\/index.php\/wp-json\/wp\/v2\/media\/5884"}],"wp:attachment":[{"href":"https:\/\/novavoxnoticias.com\/index.php\/wp-json\/wp\/v2\/media?parent=5883"}],"wp:term":[{"taxonomy":"category","embeddable":true,"href":"https:\/\/novavoxnoticias.com\/index.php\/wp-json\/wp\/v2\/categories?post=5883"},{"taxonomy":"post_tag","embeddable":true,"href":"https:\/\/novavoxnoticias.com\/index.php\/wp-json\/wp\/v2\/tags?post=5883"}],"curies":[{"name":"wp","href":"https:\/\/api.w.org\/{rel}","templated":true}]}}