{"id":5668,"date":"2026-01-16T13:11:56","date_gmt":"2026-01-16T17:11:56","guid":{"rendered":"https:\/\/novavoxnoticias.com\/?p=5668"},"modified":"2026-01-16T13:13:49","modified_gmt":"2026-01-16T17:13:49","slug":"cob-anuncia-posible-retorno-a-protestas-y-rechaza-ley-antibloqueo","status":"publish","type":"post","link":"https:\/\/novavoxnoticias.com\/index.php\/2026\/01\/16\/cob-anuncia-posible-retorno-a-protestas-y-rechaza-ley-antibloqueo\/","title":{"rendered":"COB anuncia posible retorno a protestas y rechaza ley antibloqueo"},"content":{"rendered":"\n<p>La Central Obrera Boliviana (COB) advirti\u00f3 este viernes con retomar las medidas de presi\u00f3n contra el Gobierno. El pronunciamiento surge tras el conflicto por el Decreto 5503 y frente a nuevos proyectos normativos que, seg\u00fan la dirigencia, afectan derechos sociales.<\/p>\n\n\n\n<iframe loading=\"lazy\" src=\"https:\/\/www.facebook.com\/plugins\/video.php?height=476&#038;href=https%3A%2F%2Fwww.facebook.com%2Freel%2F846702861534534%2F&#038;show_text=false&#038;width=267&#038;t=0\" width=\"267\" height=\"476\" style=\"border:none;overflow:hidden\" scrolling=\"no\" frameborder=\"0\" allowfullscreen=\"true\" allow=\"autoplay; clipboard-write; encrypted-media; picture-in-picture; web-share\" allowFullScreen=\"true\"><\/iframe>\n\n\n\n<p>El ejecutivo de la COB, Mario Argollo, cuestion\u00f3 la emisi\u00f3n de decretos y critic\u00f3 la posibilidad de que el presidente ejerza funciones desde el exterior. Para el ente sindical, esa figura abre un escenario de \u201cgobierno a distancia\u201d que genera preocupaci\u00f3n dentro del movimiento obrero.<\/p>\n\n\n\n<p>La organizaci\u00f3n tambi\u00e9n rechaz\u00f3 una eventual ley antibloqueo. Argollo sostuvo que las movilizaciones constituyen un recurso hist\u00f3rico de las bases cuando no existen respuestas a sus demandas, por lo que consider\u00f3 inaceptable cualquier intento de limitar ese mecanismo.<\/p>\n\n\n\n<p>El dirigente afirm\u00f3 que estas decisiones reflejan una l\u00ednea autoritaria y pidi\u00f3 un pronunciamiento de la Asamblea Legislativa y del Vicepresidente. Advirti\u00f3 que el silencio institucional debilita el rol de los \u00f3rganos del Estado frente al conflicto social.<\/p>\n","protected":false},"excerpt":{"rendered":"<p>La Central Obrera Boliviana (COB) advirti\u00f3 este viernes con retomar las medidas de presi\u00f3n contra el Gobierno. El pronunciamiento surge tras el conflicto por el Decreto 5503 y frente a nuevos proyectos normativos que, seg\u00fan la dirigencia, afectan derechos sociales. El ejecutivo de la COB, Mario Argollo, cuestion\u00f3 la emisi\u00f3n de decretos y critic\u00f3 la [&hellip;]<\/p>\n","protected":false},"author":2,"featured_media":5669,"comment_status":"open","ping_status":"open","sticky":false,"template":"","format":"standard","meta":{"footnotes":""},"categories":[1],"tags":[],"class_list":{"0":"post-5668","1":"post","2":"type-post","3":"status-publish","4":"format-standard","5":"has-post-thumbnail","7":"category-pais"},"_links":{"self":[{"href":"https:\/\/novavoxnoticias.com\/index.php\/wp-json\/wp\/v2\/posts\/5668","targetHints":{"allow":["GET"]}}],"collection":[{"href":"https:\/\/novavoxnoticias.com\/index.php\/wp-json\/wp\/v2\/posts"}],"about":[{"href":"https:\/\/novavoxnoticias.com\/index.php\/wp-json\/wp\/v2\/types\/post"}],"author":[{"embeddable":true,"href":"https:\/\/novavoxnoticias.com\/index.php\/wp-json\/wp\/v2\/users\/2"}],"replies":[{"embeddable":true,"href":"https:\/\/novavoxnoticias.com\/index.php\/wp-json\/wp\/v2\/comments?post=5668"}],"version-history":[{"count":2,"href":"https:\/\/novavoxnoticias.com\/index.php\/wp-json\/wp\/v2\/posts\/5668\/revisions"}],"predecessor-version":[{"id":5671,"href":"https:\/\/novavoxnoticias.com\/index.php\/wp-json\/wp\/v2\/posts\/5668\/revisions\/5671"}],"wp:featuredmedia":[{"embeddable":true,"href":"https:\/\/novavoxnoticias.com\/index.php\/wp-json\/wp\/v2\/media\/5669"}],"wp:attachment":[{"href":"https:\/\/novavoxnoticias.com\/index.php\/wp-json\/wp\/v2\/media?parent=5668"}],"wp:term":[{"taxonomy":"category","embeddable":true,"href":"https:\/\/novavoxnoticias.com\/index.php\/wp-json\/wp\/v2\/categories?post=5668"},{"taxonomy":"post_tag","embeddable":true,"href":"https:\/\/novavoxnoticias.com\/index.php\/wp-json\/wp\/v2\/tags?post=5668"}],"curies":[{"name":"wp","href":"https:\/\/api.w.org\/{rel}","templated":true}]}}