{"id":4916,"date":"2025-12-30T12:28:33","date_gmt":"2025-12-30T16:28:33","guid":{"rendered":"https:\/\/novavoxnoticias.com\/?p=4916"},"modified":"2025-12-30T12:28:35","modified_gmt":"2025-12-30T16:28:35","slug":"fiscalia-informa-que-tiene-24-horas-para-definir-la-situacion-juridica-de-eduardo-del-castillo-tras-su-aprehension","status":"publish","type":"post","link":"https:\/\/novavoxnoticias.com\/index.php\/2025\/12\/30\/fiscalia-informa-que-tiene-24-horas-para-definir-la-situacion-juridica-de-eduardo-del-castillo-tras-su-aprehension\/","title":{"rendered":"Fiscal\u00eda informa que tiene 24 horas para definir la situaci\u00f3n jur\u00eddica de Eduardo Del Castillo tras su aprehensi\u00f3n"},"content":{"rendered":"\n<p>La Fiscal\u00eda General del Estado inform\u00f3 que el Ministerio P\u00fablico dispone de 24 horas para resolver la situaci\u00f3n jur\u00eddica de Eduardo Del Castillo, quien fue aprehendido la madrugada de este martes en el aeropuerto internacional Viru Viru, en Santa Cruz, durante un control policial en el \u00e1rea de Migraci\u00f3n.<\/p>\n\n\n\n<p><br>El fiscal general, Roger Mariaca, explic\u00f3 que la exautoridad fue conducida a dependencias policiales luego de un operativo ejecutado por efectivos del orden, bajo la presunta comisi\u00f3n del delito de impedir o estorbar el ejercicio de la funci\u00f3n policial, tipificado en la normativa penal vigente.<\/p>\n\n\n\n<p><br>Mariaca precis\u00f3 que, antes del hecho registrado en la terminal a\u00e9rea cruce\u00f1a, no exist\u00eda ninguna denuncia formal presentada contra Del Castillo, por lo que el caso se investiga a partir de la acci\u00f3n directa y los informes policiales incorporados al cuaderno de investigaci\u00f3n.<\/p>\n\n\n\n<p><br>Actualmente, Eduardo Del Castillo permanece en celdas de la Fuerza Especial de Lucha Contra el Crimen (Felcc) de la capital cruce\u00f1a, mientras el Ministerio P\u00fablico analiza los antecedentes y define las medidas legales que correspondan dentro del plazo que establece la ley boliviana.<\/p>\n","protected":false},"excerpt":{"rendered":"<p>La Fiscal\u00eda General del Estado inform\u00f3 que el Ministerio P\u00fablico dispone de 24 horas para resolver la situaci\u00f3n jur\u00eddica de Eduardo Del Castillo, quien fue aprehendido la madrugada de este martes en el aeropuerto internacional Viru Viru, en Santa Cruz, durante un control policial en el \u00e1rea de Migraci\u00f3n. El fiscal general, Roger Mariaca, explic\u00f3 [&hellip;]<\/p>\n","protected":false},"author":2,"featured_media":4917,"comment_status":"open","ping_status":"open","sticky":false,"template":"","format":"standard","meta":{"footnotes":""},"categories":[83],"tags":[],"class_list":{"0":"post-4916","1":"post","2":"type-post","3":"status-publish","4":"format-standard","5":"has-post-thumbnail","7":"category-seguridad"},"_links":{"self":[{"href":"https:\/\/novavoxnoticias.com\/index.php\/wp-json\/wp\/v2\/posts\/4916","targetHints":{"allow":["GET"]}}],"collection":[{"href":"https:\/\/novavoxnoticias.com\/index.php\/wp-json\/wp\/v2\/posts"}],"about":[{"href":"https:\/\/novavoxnoticias.com\/index.php\/wp-json\/wp\/v2\/types\/post"}],"author":[{"embeddable":true,"href":"https:\/\/novavoxnoticias.com\/index.php\/wp-json\/wp\/v2\/users\/2"}],"replies":[{"embeddable":true,"href":"https:\/\/novavoxnoticias.com\/index.php\/wp-json\/wp\/v2\/comments?post=4916"}],"version-history":[{"count":1,"href":"https:\/\/novavoxnoticias.com\/index.php\/wp-json\/wp\/v2\/posts\/4916\/revisions"}],"predecessor-version":[{"id":4918,"href":"https:\/\/novavoxnoticias.com\/index.php\/wp-json\/wp\/v2\/posts\/4916\/revisions\/4918"}],"wp:featuredmedia":[{"embeddable":true,"href":"https:\/\/novavoxnoticias.com\/index.php\/wp-json\/wp\/v2\/media\/4917"}],"wp:attachment":[{"href":"https:\/\/novavoxnoticias.com\/index.php\/wp-json\/wp\/v2\/media?parent=4916"}],"wp:term":[{"taxonomy":"category","embeddable":true,"href":"https:\/\/novavoxnoticias.com\/index.php\/wp-json\/wp\/v2\/categories?post=4916"},{"taxonomy":"post_tag","embeddable":true,"href":"https:\/\/novavoxnoticias.com\/index.php\/wp-json\/wp\/v2\/tags?post=4916"}],"curies":[{"name":"wp","href":"https:\/\/api.w.org\/{rel}","templated":true}]}}