{"id":4798,"date":"2025-12-27T19:17:00","date_gmt":"2025-12-27T23:17:00","guid":{"rendered":"https:\/\/novavoxnoticias.com\/?p=4798"},"modified":"2025-12-27T19:17:02","modified_gmt":"2025-12-27T23:17:02","slug":"justicia-ordena-detencion-domiciliaria-para-tres-mineros-aprehendidos-con-dinero-durante-marcha-de-la-cob","status":"publish","type":"post","link":"https:\/\/novavoxnoticias.com\/index.php\/2025\/12\/27\/justicia-ordena-detencion-domiciliaria-para-tres-mineros-aprehendidos-con-dinero-durante-marcha-de-la-cob\/","title":{"rendered":"Justicia ordena detenci\u00f3n domiciliaria para tres mineros aprehendidos con dinero durante marcha de la COB"},"content":{"rendered":"\n<p>La Justicia dispuso detenci\u00f3n domiciliaria para tres mineros asalariados aprehendidos durante las movilizaciones de la Central Obrera Boliviana (COB) en La Paz, en rechazo al Decreto Supremo 5503. La decisi\u00f3n judicial incluye arraigo, fianza de Bs 10.000 y la prohibici\u00f3n de participar en protestas o acercarse al lugar de los hechos.<br>El fiscal Julio Carrafi inform\u00f3 que los sindicados deben cumplir registro biom\u00e9trico peri\u00f3dico en la Fiscal\u00eda. Los tres fueron imputados por el delito de enriquecimiento il\u00edcito de particulares con afectaci\u00f3n al Estado, luego de ser encontrados con importantes sumas de dinero durante un operativo policial.<br>Seg\u00fan el Ministerio P\u00fablico, los aprehendidos portaban Bs 104.967, Bs 19.500 y Bs 23.000, montos cuyo origen no fue justificado. El procedimiento se ejecut\u00f3 en inmediaciones de plaza Murillo, donde se desarrollaban las protestas impulsadas por la COB.<br>La Fiscal\u00eda se\u00f1al\u00f3 que, durante la intervenci\u00f3n, uno de los involucrados intent\u00f3 ocultar el dinero en un yute y una mochila al advertir la presencia policial. Con estas medidas cautelares, el proceso contin\u00faa mientras se desarrollan las investigaciones correspondientes.<\/p>\n","protected":false},"excerpt":{"rendered":"<p>La Justicia dispuso detenci\u00f3n domiciliaria para tres mineros asalariados aprehendidos durante las movilizaciones de la Central Obrera Boliviana (COB) en La Paz, en rechazo al Decreto Supremo 5503. La decisi\u00f3n judicial incluye arraigo, fianza de Bs 10.000 y la prohibici\u00f3n de participar en protestas o acercarse al lugar de los hechos.El fiscal Julio Carrafi inform\u00f3 [&hellip;]<\/p>\n","protected":false},"author":2,"featured_media":4797,"comment_status":"open","ping_status":"open","sticky":false,"template":"","format":"standard","meta":{"footnotes":""},"categories":[1],"tags":[],"class_list":{"0":"post-4798","1":"post","2":"type-post","3":"status-publish","4":"format-standard","5":"has-post-thumbnail","7":"category-pais"},"_links":{"self":[{"href":"https:\/\/novavoxnoticias.com\/index.php\/wp-json\/wp\/v2\/posts\/4798","targetHints":{"allow":["GET"]}}],"collection":[{"href":"https:\/\/novavoxnoticias.com\/index.php\/wp-json\/wp\/v2\/posts"}],"about":[{"href":"https:\/\/novavoxnoticias.com\/index.php\/wp-json\/wp\/v2\/types\/post"}],"author":[{"embeddable":true,"href":"https:\/\/novavoxnoticias.com\/index.php\/wp-json\/wp\/v2\/users\/2"}],"replies":[{"embeddable":true,"href":"https:\/\/novavoxnoticias.com\/index.php\/wp-json\/wp\/v2\/comments?post=4798"}],"version-history":[{"count":1,"href":"https:\/\/novavoxnoticias.com\/index.php\/wp-json\/wp\/v2\/posts\/4798\/revisions"}],"predecessor-version":[{"id":4799,"href":"https:\/\/novavoxnoticias.com\/index.php\/wp-json\/wp\/v2\/posts\/4798\/revisions\/4799"}],"wp:featuredmedia":[{"embeddable":true,"href":"https:\/\/novavoxnoticias.com\/index.php\/wp-json\/wp\/v2\/media\/4797"}],"wp:attachment":[{"href":"https:\/\/novavoxnoticias.com\/index.php\/wp-json\/wp\/v2\/media?parent=4798"}],"wp:term":[{"taxonomy":"category","embeddable":true,"href":"https:\/\/novavoxnoticias.com\/index.php\/wp-json\/wp\/v2\/categories?post=4798"},{"taxonomy":"post_tag","embeddable":true,"href":"https:\/\/novavoxnoticias.com\/index.php\/wp-json\/wp\/v2\/tags?post=4798"}],"curies":[{"name":"wp","href":"https:\/\/api.w.org\/{rel}","templated":true}]}}