{"id":4787,"date":"2025-12-27T14:27:04","date_gmt":"2025-12-27T18:27:04","guid":{"rendered":"https:\/\/novavoxnoticias.com\/?p=4787"},"modified":"2025-12-27T14:27:06","modified_gmt":"2025-12-27T18:27:06","slug":"alianza-patria-postula-a-luis-revilla-para-la-gobernacion-y-a-nemo-rivero-para-la-alcaldia-de-la-paz","status":"publish","type":"post","link":"https:\/\/novavoxnoticias.com\/index.php\/2025\/12\/27\/alianza-patria-postula-a-luis-revilla-para-la-gobernacion-y-a-nemo-rivero-para-la-alcaldia-de-la-paz\/","title":{"rendered":"Alianza Patria postula a Luis Revilla para la Gobernaci\u00f3n y a \u201cNemo\u201d Rivero para la Alcald\u00eda de La Paz"},"content":{"rendered":"\n<p>La alianza Patria inscribi\u00f3 a Luis Revilla como candidato a la Gobernaci\u00f3n de La Paz y a Carlos \u201cNemo\u201d Rivero Auza como postulante a la Alcald\u00eda pace\u00f1a para las elecciones subnacionales de 2026, confirm\u00f3 Roberto Moscoso, jefe de Unidad Nacional en el departamento.<br>Seg\u00fan la informaci\u00f3n, Unidad Nacional, Patria y Sol.Bo conformaron una alianza tanto a nivel departamental como municipal. En el caso del municipio de La Paz, el bloque ratific\u00f3 a Rivero, conocido en redes sociales como el tiktoker Dr. Jet, como su principal candidato.<br>Revilla retorn\u00f3 al pa\u00eds semanas atr\u00e1s tras permanecer cerca de cuatro a\u00f1os fuera de Bolivia. El exalcalde pace\u00f1o sostuvo en declaraciones previas que su regreso responde a la intenci\u00f3n de retomar actividad pol\u00edtica y participar en el proceso subnacional. Revilla ejerci\u00f3 la Alcald\u00eda de La Paz en dos gestiones consecutivas, entre 2010 y 2021.<br>Por su parte, Rivero es m\u00fasico de formaci\u00f3n, fundador de la banda Dr. Jet y creador de contenido digital, espacio desde el cual difunde an\u00e1lisis y comentarios sobre la coyuntura pol\u00edtica nacional. Su candidatura se enmarca en la alianza integrada por el MIR-NM, Unidad Nacional, Primero La Gente y Sol.Bo.<\/p>\n","protected":false},"excerpt":{"rendered":"<p>La alianza Patria inscribi\u00f3 a Luis Revilla como candidato a la Gobernaci\u00f3n de La Paz y a Carlos \u201cNemo\u201d Rivero Auza como postulante a la Alcald\u00eda pace\u00f1a para las elecciones subnacionales de 2026, confirm\u00f3 Roberto Moscoso, jefe de Unidad Nacional en el departamento.Seg\u00fan la informaci\u00f3n, Unidad Nacional, Patria y Sol.Bo conformaron una alianza tanto a [&hellip;]<\/p>\n","protected":false},"author":2,"featured_media":4786,"comment_status":"open","ping_status":"open","sticky":false,"template":"","format":"standard","meta":{"footnotes":""},"categories":[79],"tags":[],"class_list":{"0":"post-4787","1":"post","2":"type-post","3":"status-publish","4":"format-standard","5":"has-post-thumbnail","7":"category-politica"},"_links":{"self":[{"href":"https:\/\/novavoxnoticias.com\/index.php\/wp-json\/wp\/v2\/posts\/4787","targetHints":{"allow":["GET"]}}],"collection":[{"href":"https:\/\/novavoxnoticias.com\/index.php\/wp-json\/wp\/v2\/posts"}],"about":[{"href":"https:\/\/novavoxnoticias.com\/index.php\/wp-json\/wp\/v2\/types\/post"}],"author":[{"embeddable":true,"href":"https:\/\/novavoxnoticias.com\/index.php\/wp-json\/wp\/v2\/users\/2"}],"replies":[{"embeddable":true,"href":"https:\/\/novavoxnoticias.com\/index.php\/wp-json\/wp\/v2\/comments?post=4787"}],"version-history":[{"count":1,"href":"https:\/\/novavoxnoticias.com\/index.php\/wp-json\/wp\/v2\/posts\/4787\/revisions"}],"predecessor-version":[{"id":4788,"href":"https:\/\/novavoxnoticias.com\/index.php\/wp-json\/wp\/v2\/posts\/4787\/revisions\/4788"}],"wp:featuredmedia":[{"embeddable":true,"href":"https:\/\/novavoxnoticias.com\/index.php\/wp-json\/wp\/v2\/media\/4786"}],"wp:attachment":[{"href":"https:\/\/novavoxnoticias.com\/index.php\/wp-json\/wp\/v2\/media?parent=4787"}],"wp:term":[{"taxonomy":"category","embeddable":true,"href":"https:\/\/novavoxnoticias.com\/index.php\/wp-json\/wp\/v2\/categories?post=4787"},{"taxonomy":"post_tag","embeddable":true,"href":"https:\/\/novavoxnoticias.com\/index.php\/wp-json\/wp\/v2\/tags?post=4787"}],"curies":[{"name":"wp","href":"https:\/\/api.w.org\/{rel}","templated":true}]}}