{"id":4679,"date":"2025-12-23T16:20:13","date_gmt":"2025-12-23T20:20:13","guid":{"rendered":"https:\/\/novavoxnoticias.com\/?p=4679"},"modified":"2025-12-23T16:20:14","modified_gmt":"2025-12-23T20:20:14","slug":"disturbios-en-plaza-murillo-dejan-policias-heridos-y-al-menos-ocho-arrestados","status":"publish","type":"post","link":"https:\/\/novavoxnoticias.com\/index.php\/2025\/12\/23\/disturbios-en-plaza-murillo-dejan-policias-heridos-y-al-menos-ocho-arrestados\/","title":{"rendered":"Disturbios en plaza Murillo dejan polic\u00edas heridos y al menos ocho arrestados"},"content":{"rendered":"\n<p>Cuatro efectivos policiales resultaron heridos y al menos ocho personas fueron arrestadas tras enfrentamientos registrados este martes en la plaza Murillo, en el centro de la ciudad de La Paz. Los incidentes se produjeron cuando manifestantes vinculados a la Central Obrera Boliviana intentaron ingresar por la fuerza al kil\u00f3metro cero.<br>Durante los disturbios, los movilizados lanzaron objetos contundentes y activaron petardos y cachorros de dinamita contra el contingente policial. Dos uniformados sufrieron lesiones luego de que proyectiles impactaran y da\u00f1aran sus cascos de protecci\u00f3n, seg\u00fan el reporte preliminar de las fuerzas del orden.<br>La Polic\u00eda respondi\u00f3 con el uso de agentes qu\u00edmicos para dispersar a la multitud y despleg\u00f3 unidades motorizadas y personal antimotines para reforzar el resguardo de los accesos a instalaciones gubernamentales. Tras varias horas de tensi\u00f3n, se registr\u00f3 un repliegue parcial de los manifestantes en la zona.<br>El conflicto se origin\u00f3 por la exigencia de abrogaci\u00f3n del Decreto Supremo 5503, que elimina el subsidio a los combustibles. Dirigentes sindicales y representantes del sector minero anunciaron la continuidad de las medidas de presi\u00f3n, mientras el resguardo policial se mantiene en inmediaciones de la sede de Gobierno.<\/p>\n","protected":false},"excerpt":{"rendered":"<p>Cuatro efectivos policiales resultaron heridos y al menos ocho personas fueron arrestadas tras enfrentamientos registrados este martes en la plaza Murillo, en el centro de la ciudad de La Paz. Los incidentes se produjeron cuando manifestantes vinculados a la Central Obrera Boliviana intentaron ingresar por la fuerza al kil\u00f3metro cero.Durante los disturbios, los movilizados lanzaron [&hellip;]<\/p>\n","protected":false},"author":2,"featured_media":4680,"comment_status":"open","ping_status":"open","sticky":false,"template":"","format":"standard","meta":{"footnotes":""},"categories":[83],"tags":[],"class_list":{"0":"post-4679","1":"post","2":"type-post","3":"status-publish","4":"format-standard","5":"has-post-thumbnail","7":"category-seguridad"},"_links":{"self":[{"href":"https:\/\/novavoxnoticias.com\/index.php\/wp-json\/wp\/v2\/posts\/4679","targetHints":{"allow":["GET"]}}],"collection":[{"href":"https:\/\/novavoxnoticias.com\/index.php\/wp-json\/wp\/v2\/posts"}],"about":[{"href":"https:\/\/novavoxnoticias.com\/index.php\/wp-json\/wp\/v2\/types\/post"}],"author":[{"embeddable":true,"href":"https:\/\/novavoxnoticias.com\/index.php\/wp-json\/wp\/v2\/users\/2"}],"replies":[{"embeddable":true,"href":"https:\/\/novavoxnoticias.com\/index.php\/wp-json\/wp\/v2\/comments?post=4679"}],"version-history":[{"count":1,"href":"https:\/\/novavoxnoticias.com\/index.php\/wp-json\/wp\/v2\/posts\/4679\/revisions"}],"predecessor-version":[{"id":4681,"href":"https:\/\/novavoxnoticias.com\/index.php\/wp-json\/wp\/v2\/posts\/4679\/revisions\/4681"}],"wp:featuredmedia":[{"embeddable":true,"href":"https:\/\/novavoxnoticias.com\/index.php\/wp-json\/wp\/v2\/media\/4680"}],"wp:attachment":[{"href":"https:\/\/novavoxnoticias.com\/index.php\/wp-json\/wp\/v2\/media?parent=4679"}],"wp:term":[{"taxonomy":"category","embeddable":true,"href":"https:\/\/novavoxnoticias.com\/index.php\/wp-json\/wp\/v2\/categories?post=4679"},{"taxonomy":"post_tag","embeddable":true,"href":"https:\/\/novavoxnoticias.com\/index.php\/wp-json\/wp\/v2\/tags?post=4679"}],"curies":[{"name":"wp","href":"https:\/\/api.w.org\/{rel}","templated":true}]}}