{"id":4171,"date":"2025-12-10T04:31:30","date_gmt":"2025-12-10T08:31:30","guid":{"rendered":"https:\/\/novavoxnoticias.com\/?p=4171"},"modified":"2025-12-10T04:31:31","modified_gmt":"2025-12-10T08:31:31","slug":"policia-investigado-en-cotapachi-afirmo-que-disparo-para-evitar-que-lo-quemen-vivo","status":"publish","type":"post","link":"https:\/\/novavoxnoticias.com\/index.php\/2025\/12\/10\/policia-investigado-en-cotapachi-afirmo-que-disparo-para-evitar-que-lo-quemen-vivo\/","title":{"rendered":"Polic\u00eda investigado en Cotapachi afirm\u00f3 que dispar\u00f3 para evitar que lo quemen vivo"},"content":{"rendered":"\n<p>La Fiscal\u00eda de Cochabamba confirm\u00f3 que el polic\u00eda se\u00f1alado por las muertes en Cotapachi enfrentar\u00e1 una imputaci\u00f3n por homicidio. El uniformado figura entre los heridos del enfrentamiento y declar\u00f3 que us\u00f3 su arma porque consideraba que su vida y la de su equipo estaban en riesgo extremo.<\/p>\n\n\n\n<p>Seg\u00fan el informe al que accedi\u00f3 Unitel, el investigado admiti\u00f3 tres disparos durante la intervenci\u00f3n. Indic\u00f3 que \u00e9l y otros tres polic\u00edas, incluida una mujer, quedaron rodeados por cerca de 30 manifestantes sin gases lacrim\u00f3genos para dispersarlos. Relat\u00f3 que la presi\u00f3n y la agresividad del grupo aumentaron de forma sostenida.<\/p>\n\n\n\n<p>El documento se\u00f1ala que los uniformados recibieron ataques con petardos, dinamita y piedras. La mujer polic\u00eda habr\u00eda sufrido golpes directos antes de que el acusado exigiera a los pobladores detener las agresiones. Ante la falta de respuesta, afirm\u00f3 que ejecut\u00f3 el primer disparo al piso como medida disuasiva.<\/p>\n\n\n\n<p>El efectivo sostuvo que m\u00e1s de 100 personas avanzaron con palos, piedras y explosivos, lo que calific\u00f3 como una amenaza letal. Bajo ese contexto, afirm\u00f3 que recurri\u00f3 a su arma para evitar que lo reduzcan y lo quemen vivo. Asegur\u00f3 que aplic\u00f3 un \u201cuso progresivo\u201d de la fuerza y que los disparos buscaban evitar que la situaci\u00f3n se descontrole y cause m\u00e1s heridos.<\/p>\n","protected":false},"excerpt":{"rendered":"<p>La Fiscal\u00eda de Cochabamba confirm\u00f3 que el polic\u00eda se\u00f1alado por las muertes en Cotapachi enfrentar\u00e1 una imputaci\u00f3n por homicidio. El uniformado figura entre los heridos del enfrentamiento y declar\u00f3 que us\u00f3 su arma porque consideraba que su vida y la de su equipo estaban en riesgo extremo. Seg\u00fan el informe al que accedi\u00f3 Unitel, el [&hellip;]<\/p>\n","protected":false},"author":2,"featured_media":4172,"comment_status":"open","ping_status":"open","sticky":false,"template":"","format":"standard","meta":{"footnotes":""},"categories":[83],"tags":[],"class_list":{"0":"post-4171","1":"post","2":"type-post","3":"status-publish","4":"format-standard","5":"has-post-thumbnail","7":"category-seguridad"},"_links":{"self":[{"href":"https:\/\/novavoxnoticias.com\/index.php\/wp-json\/wp\/v2\/posts\/4171","targetHints":{"allow":["GET"]}}],"collection":[{"href":"https:\/\/novavoxnoticias.com\/index.php\/wp-json\/wp\/v2\/posts"}],"about":[{"href":"https:\/\/novavoxnoticias.com\/index.php\/wp-json\/wp\/v2\/types\/post"}],"author":[{"embeddable":true,"href":"https:\/\/novavoxnoticias.com\/index.php\/wp-json\/wp\/v2\/users\/2"}],"replies":[{"embeddable":true,"href":"https:\/\/novavoxnoticias.com\/index.php\/wp-json\/wp\/v2\/comments?post=4171"}],"version-history":[{"count":1,"href":"https:\/\/novavoxnoticias.com\/index.php\/wp-json\/wp\/v2\/posts\/4171\/revisions"}],"predecessor-version":[{"id":4173,"href":"https:\/\/novavoxnoticias.com\/index.php\/wp-json\/wp\/v2\/posts\/4171\/revisions\/4173"}],"wp:featuredmedia":[{"embeddable":true,"href":"https:\/\/novavoxnoticias.com\/index.php\/wp-json\/wp\/v2\/media\/4172"}],"wp:attachment":[{"href":"https:\/\/novavoxnoticias.com\/index.php\/wp-json\/wp\/v2\/media?parent=4171"}],"wp:term":[{"taxonomy":"category","embeddable":true,"href":"https:\/\/novavoxnoticias.com\/index.php\/wp-json\/wp\/v2\/categories?post=4171"},{"taxonomy":"post_tag","embeddable":true,"href":"https:\/\/novavoxnoticias.com\/index.php\/wp-json\/wp\/v2\/tags?post=4171"}],"curies":[{"name":"wp","href":"https:\/\/api.w.org\/{rel}","templated":true}]}}