{"id":4004,"date":"2025-12-05T19:20:25","date_gmt":"2025-12-05T23:20:25","guid":{"rendered":"https:\/\/novavoxnoticias.com\/?p=4004"},"modified":"2025-12-05T19:20:26","modified_gmt":"2025-12-05T23:20:26","slug":"sokol-deriva-a-jefes-departamentales-la-informacion-sobre-la-orden-de-aprehension-contra-evo-morales","status":"publish","type":"post","link":"https:\/\/novavoxnoticias.com\/index.php\/2025\/12\/05\/sokol-deriva-a-jefes-departamentales-la-informacion-sobre-la-orden-de-aprehension-contra-evo-morales\/","title":{"rendered":"Sokol deriva a jefes departamentales la informaci\u00f3n sobre la orden de aprehensi\u00f3n contra Evo Morales"},"content":{"rendered":"\n<p>El comandante general de la Polic\u00eda Boliviana, Mirko Sokol, evit\u00f3 responder sobre la orden de aprehensi\u00f3n emitida contra Evo Morales y anunci\u00f3 que la informaci\u00f3n operativa quedar\u00e1 en manos de los directores nacionales y comandantes departamentales. La autoridad explic\u00f3 que asumir\u00e1 \u00fanicamente temas estrat\u00e9gicos y de planificaci\u00f3n institucional.<\/p>\n\n\n\n<p>Sokol solicit\u00f3 tiempo para que las nuevas autoridades de la Fuerza Especial de Lucha Contra el Crimen, encabezadas por Marcelo S\u00e1nchez Mercado, profundicen en los casos activos. Afirm\u00f3 que la comunicaci\u00f3n sobre operativos corresponde a los mandos medios y reiter\u00f3 que su rol se limita a la conducci\u00f3n ejecutiva de la instituci\u00f3n.<\/p>\n\n\n\n<p>La declaratoria de rebeld\u00eda y la orden de aprehensi\u00f3n contra el expresidente contin\u00faan vigentes, luego de que la Sala Penal Primera de Tarija rechaz\u00f3 un recurso presentado por su defensa. Paralelamente, el Ministerio de Gobierno se\u00f1al\u00f3 que su ejecuci\u00f3n ser\u00e1 producto de un trabajo coordinado entre instituciones.<\/p>\n\n\n\n<p>El fiscal general, Roger Mariaca, record\u00f3 que la Polic\u00eda debe ejecutar el mandamiento y ofreci\u00f3 apoyo para cualquier acci\u00f3n operativa. Mientras tanto, Sokol mantuvo su postura de no referirse a procedimientos espec\u00edficos y ratific\u00f3 que esa responsabilidad recae exclusivamente en los comandantes y directores nacionales.<\/p>\n","protected":false},"excerpt":{"rendered":"<p>El comandante general de la Polic\u00eda Boliviana, Mirko Sokol, evit\u00f3 responder sobre la orden de aprehensi\u00f3n emitida contra Evo Morales y anunci\u00f3 que la informaci\u00f3n operativa quedar\u00e1 en manos de los directores nacionales y comandantes departamentales. La autoridad explic\u00f3 que asumir\u00e1 \u00fanicamente temas estrat\u00e9gicos y de planificaci\u00f3n institucional. Sokol solicit\u00f3 tiempo para que las nuevas [&hellip;]<\/p>\n","protected":false},"author":2,"featured_media":4006,"comment_status":"open","ping_status":"open","sticky":false,"template":"","format":"standard","meta":{"footnotes":""},"categories":[83],"tags":[],"class_list":{"0":"post-4004","1":"post","2":"type-post","3":"status-publish","4":"format-standard","5":"has-post-thumbnail","7":"category-seguridad"},"_links":{"self":[{"href":"https:\/\/novavoxnoticias.com\/index.php\/wp-json\/wp\/v2\/posts\/4004","targetHints":{"allow":["GET"]}}],"collection":[{"href":"https:\/\/novavoxnoticias.com\/index.php\/wp-json\/wp\/v2\/posts"}],"about":[{"href":"https:\/\/novavoxnoticias.com\/index.php\/wp-json\/wp\/v2\/types\/post"}],"author":[{"embeddable":true,"href":"https:\/\/novavoxnoticias.com\/index.php\/wp-json\/wp\/v2\/users\/2"}],"replies":[{"embeddable":true,"href":"https:\/\/novavoxnoticias.com\/index.php\/wp-json\/wp\/v2\/comments?post=4004"}],"version-history":[{"count":1,"href":"https:\/\/novavoxnoticias.com\/index.php\/wp-json\/wp\/v2\/posts\/4004\/revisions"}],"predecessor-version":[{"id":4007,"href":"https:\/\/novavoxnoticias.com\/index.php\/wp-json\/wp\/v2\/posts\/4004\/revisions\/4007"}],"wp:featuredmedia":[{"embeddable":true,"href":"https:\/\/novavoxnoticias.com\/index.php\/wp-json\/wp\/v2\/media\/4006"}],"wp:attachment":[{"href":"https:\/\/novavoxnoticias.com\/index.php\/wp-json\/wp\/v2\/media?parent=4004"}],"wp:term":[{"taxonomy":"category","embeddable":true,"href":"https:\/\/novavoxnoticias.com\/index.php\/wp-json\/wp\/v2\/categories?post=4004"},{"taxonomy":"post_tag","embeddable":true,"href":"https:\/\/novavoxnoticias.com\/index.php\/wp-json\/wp\/v2\/tags?post=4004"}],"curies":[{"name":"wp","href":"https:\/\/api.w.org\/{rel}","templated":true}]}}