{"id":3694,"date":"2025-11-29T15:37:24","date_gmt":"2025-11-29T19:37:24","guid":{"rendered":"https:\/\/novavoxnoticias.com\/?p=3694"},"modified":"2025-12-12T08:42:25","modified_gmt":"2025-12-12T12:42:25","slug":"dolar-paralelo-registra-nuevas-variaciones-y-se-cotiza-entre-10-13-y-10-18-bolivianos-este-sabado","status":"publish","type":"post","link":"https:\/\/novavoxnoticias.com\/index.php\/2025\/11\/29\/dolar-paralelo-registra-nuevas-variaciones-y-se-cotiza-entre-10-13-y-10-18-bolivianos-este-sabado\/","title":{"rendered":"Caso Fondo Ind\u00edgena: Denunciante pide que Luis Arce enfrente detenci\u00f3n en San Pedro"},"content":{"rendered":"\n<p>El abogado denunciante Eduardo Le\u00f3n cuestion\u00f3 la solicitud de la Fiscal\u00eda que plantea cuatro meses de detenci\u00f3n preventiva para el expresidente Luis Arce en el Centro de Rehabilitaci\u00f3n Qalauma. Sostuvo que ese recinto no corresponde a personas con detenci\u00f3n preventiva y anunci\u00f3 que pedir\u00e1 una medida m\u00e1s estricta en el penal de San Pedro.<\/p>\n\n\n\n<p>Le\u00f3n afirm\u00f3 que Qalauma funciona como un espacio dise\u00f1ado para j\u00f3venes y no para acusados en procesos por uso irregular de fondos estatales. Record\u00f3 que ese centro se ubica en Viacha, a unos 28 kil\u00f3metros de La Paz, y reiter\u00f3 que la normativa procesal no autoriza medidas cautelares en establecimientos que no est\u00e9n destinados a detenidos preventivos.<\/p>\n\n\n\n<p>El abogado indic\u00f3 que solicitar\u00e1 una detenci\u00f3n de seis meses en San Pedro, al considerar que la imputaci\u00f3n menciona transferencias de recursos p\u00fablicos a cuentas personales. Asegur\u00f3 que leyes como la SAFCO, la Ley 004 y el reglamento del Fondo Ind\u00edgena proh\u00edben ese tipo de operaciones y que registros notariales respaldan la acusaci\u00f3n contra el exmandatario.<\/p>\n\n\n\n<p>Le\u00f3n agreg\u00f3 que las operaciones observadas habr\u00edan generado un da\u00f1o econ\u00f3mico superior a los 4.000 millones de bolivianos entre 2013 y 2015. Sostuvo que existen riesgos procesales de fuga y obstaculizaci\u00f3n, y mencion\u00f3 que en otros casos de autoridades como Jeanine A\u00f1ez y Luis Fernando Camacho se aplicaron medidas m\u00e1s duras en centros penitenciarios.<\/p>\n\n\n\n<p><\/p>\n\n\n\n<p><\/p>\n\n\n\n<p><\/p>\n\n\n\n<p><\/p>\n\n\n\n<p><\/p>\n\n\n\n<p><\/p>\n","protected":false},"excerpt":{"rendered":"<p>El abogado denunciante Eduardo Le\u00f3n cuestion\u00f3 la solicitud de la Fiscal\u00eda que plantea cuatro meses de detenci\u00f3n preventiva para el expresidente Luis Arce en el Centro de Rehabilitaci\u00f3n Qalauma. Sostuvo que ese recinto no corresponde a personas con detenci\u00f3n preventiva y anunci\u00f3 que pedir\u00e1 una medida m\u00e1s estricta en el penal de San Pedro. Le\u00f3n [&hellip;]<\/p>\n","protected":false},"author":2,"featured_media":4227,"comment_status":"open","ping_status":"open","sticky":false,"template":"","format":"standard","meta":{"footnotes":""},"categories":[83],"tags":[],"class_list":{"0":"post-3694","1":"post","2":"type-post","3":"status-publish","4":"format-standard","5":"has-post-thumbnail","7":"category-seguridad"},"_links":{"self":[{"href":"https:\/\/novavoxnoticias.com\/index.php\/wp-json\/wp\/v2\/posts\/3694","targetHints":{"allow":["GET"]}}],"collection":[{"href":"https:\/\/novavoxnoticias.com\/index.php\/wp-json\/wp\/v2\/posts"}],"about":[{"href":"https:\/\/novavoxnoticias.com\/index.php\/wp-json\/wp\/v2\/types\/post"}],"author":[{"embeddable":true,"href":"https:\/\/novavoxnoticias.com\/index.php\/wp-json\/wp\/v2\/users\/2"}],"replies":[{"embeddable":true,"href":"https:\/\/novavoxnoticias.com\/index.php\/wp-json\/wp\/v2\/comments?post=3694"}],"version-history":[{"count":2,"href":"https:\/\/novavoxnoticias.com\/index.php\/wp-json\/wp\/v2\/posts\/3694\/revisions"}],"predecessor-version":[{"id":4265,"href":"https:\/\/novavoxnoticias.com\/index.php\/wp-json\/wp\/v2\/posts\/3694\/revisions\/4265"}],"wp:featuredmedia":[{"embeddable":true,"href":"https:\/\/novavoxnoticias.com\/index.php\/wp-json\/wp\/v2\/media\/4227"}],"wp:attachment":[{"href":"https:\/\/novavoxnoticias.com\/index.php\/wp-json\/wp\/v2\/media?parent=3694"}],"wp:term":[{"taxonomy":"category","embeddable":true,"href":"https:\/\/novavoxnoticias.com\/index.php\/wp-json\/wp\/v2\/categories?post=3694"},{"taxonomy":"post_tag","embeddable":true,"href":"https:\/\/novavoxnoticias.com\/index.php\/wp-json\/wp\/v2\/tags?post=3694"}],"curies":[{"name":"wp","href":"https:\/\/api.w.org\/{rel}","templated":true}]}}