{"id":3651,"date":"2025-11-29T05:09:34","date_gmt":"2025-11-29T09:09:34","guid":{"rendered":"https:\/\/novavoxnoticias.com\/?p=3651"},"modified":"2025-11-29T05:09:35","modified_gmt":"2025-11-29T09:09:35","slug":"oviedo-anuncia-gestiones-con-estados-unidos-y-la-union-europea-para-reforzar-la-formacion-policial","status":"publish","type":"post","link":"https:\/\/novavoxnoticias.com\/index.php\/2025\/11\/29\/oviedo-anuncia-gestiones-con-estados-unidos-y-la-union-europea-para-reforzar-la-formacion-policial\/","title":{"rendered":"Oviedo anuncia gestiones con Estados Unidos y la Uni\u00f3n Europea para reforzar la formaci\u00f3n policial"},"content":{"rendered":"\n<p>El ministro de Gobierno, Marco Oviedo, inform\u00f3 que sostuvo contactos con la Embajada de Estados Unidos para abrir cursos de especializaci\u00f3n destinados a polic\u00edas bolivianos. El anuncio se realiz\u00f3 durante el acto de posesi\u00f3n de nuevas autoridades de la instituci\u00f3n verde olivo.<\/p>\n\n\n\n<p>Oviedo indic\u00f3 que la modernizaci\u00f3n de la Polic\u00eda requiere nuevos m\u00f3dulos acad\u00e9micos y espacios de formaci\u00f3n en el exterior. A\u00f1adi\u00f3 que en los pr\u00f3ximos d\u00edas se reunir\u00e1 con embajadores de la Uni\u00f3n Europea para identificar programas que permitan fortalecer las capacidades operativas y t\u00e9cnicas.<\/p>\n\n\n\n<p>El ministro detall\u00f3 que Espa\u00f1a expres\u00f3 inter\u00e9s en ampliar la cooperaci\u00f3n destinada al fortalecimiento institucional. Explic\u00f3 que el objetivo es consolidar planes que se presentar\u00e1n ante la comunidad internacional en coordinaci\u00f3n con el Alto Mando Policial.<\/p>\n\n\n\n<p>Oviedo remarc\u00f3 que las gestiones se enfocan en elevar la credibilidad de la Polic\u00eda y garantizar que la cooperaci\u00f3n internacional beneficie a toda la instituci\u00f3n. Tambi\u00e9n afirm\u00f3 que las pr\u00f3ximas acciones estar\u00e1n alineadas a propuestas conjuntas con la c\u00fapula policial.<\/p>\n","protected":false},"excerpt":{"rendered":"<p>El ministro de Gobierno, Marco Oviedo, inform\u00f3 que sostuvo contactos con la Embajada de Estados Unidos para abrir cursos de especializaci\u00f3n destinados a polic\u00edas bolivianos. El anuncio se realiz\u00f3 durante el acto de posesi\u00f3n de nuevas autoridades de la instituci\u00f3n verde olivo. Oviedo indic\u00f3 que la modernizaci\u00f3n de la Polic\u00eda requiere nuevos m\u00f3dulos acad\u00e9micos y [&hellip;]<\/p>\n","protected":false},"author":2,"featured_media":3652,"comment_status":"open","ping_status":"open","sticky":false,"template":"","format":"standard","meta":{"footnotes":""},"categories":[83],"tags":[],"class_list":{"0":"post-3651","1":"post","2":"type-post","3":"status-publish","4":"format-standard","5":"has-post-thumbnail","7":"category-seguridad"},"_links":{"self":[{"href":"https:\/\/novavoxnoticias.com\/index.php\/wp-json\/wp\/v2\/posts\/3651","targetHints":{"allow":["GET"]}}],"collection":[{"href":"https:\/\/novavoxnoticias.com\/index.php\/wp-json\/wp\/v2\/posts"}],"about":[{"href":"https:\/\/novavoxnoticias.com\/index.php\/wp-json\/wp\/v2\/types\/post"}],"author":[{"embeddable":true,"href":"https:\/\/novavoxnoticias.com\/index.php\/wp-json\/wp\/v2\/users\/2"}],"replies":[{"embeddable":true,"href":"https:\/\/novavoxnoticias.com\/index.php\/wp-json\/wp\/v2\/comments?post=3651"}],"version-history":[{"count":1,"href":"https:\/\/novavoxnoticias.com\/index.php\/wp-json\/wp\/v2\/posts\/3651\/revisions"}],"predecessor-version":[{"id":3653,"href":"https:\/\/novavoxnoticias.com\/index.php\/wp-json\/wp\/v2\/posts\/3651\/revisions\/3653"}],"wp:featuredmedia":[{"embeddable":true,"href":"https:\/\/novavoxnoticias.com\/index.php\/wp-json\/wp\/v2\/media\/3652"}],"wp:attachment":[{"href":"https:\/\/novavoxnoticias.com\/index.php\/wp-json\/wp\/v2\/media?parent=3651"}],"wp:term":[{"taxonomy":"category","embeddable":true,"href":"https:\/\/novavoxnoticias.com\/index.php\/wp-json\/wp\/v2\/categories?post=3651"},{"taxonomy":"post_tag","embeddable":true,"href":"https:\/\/novavoxnoticias.com\/index.php\/wp-json\/wp\/v2\/tags?post=3651"}],"curies":[{"name":"wp","href":"https:\/\/api.w.org\/{rel}","templated":true}]}}