{"id":3627,"date":"2025-11-28T08:35:39","date_gmt":"2025-11-28T12:35:39","guid":{"rendered":"https:\/\/novavoxnoticias.com\/?p=3627"},"modified":"2025-11-29T21:19:18","modified_gmt":"2025-11-30T01:19:18","slug":"ejercito-desplaza-personal-y-blindados-en-la-paz-por-los-preparativos-del-aniversario-de-la-batalla-de-aroma","status":"publish","type":"post","link":"https:\/\/novavoxnoticias.com\/index.php\/2025\/11\/28\/ejercito-desplaza-personal-y-blindados-en-la-paz-por-los-preparativos-del-aniversario-de-la-batalla-de-aroma\/","title":{"rendered":"Ej\u00e9rcito desplaza personal y blindados en La Paz por los preparativos del aniversario de la Batalla de Aroma"},"content":{"rendered":"\n<p>El Comando General del Ej\u00e9rcito inform\u00f3 que desde esta semana se realizar\u00e1 el desplazamiento de tropas, equipos y veh\u00edculos blindados en distintas zonas de La Paz. La medida forma parte de los preparativos para el acto central del aniversario de la Batalla de Aroma, fecha hist\u00f3rica que el pa\u00eds conmemora cada 28 de noviembre.<\/p>\n\n\n\n<p>La instituci\u00f3n castrense detall\u00f3 que el acto oficial se llevar\u00e1 a cabo en instalaciones del Colegio Militar \u201cCnl. Gualberto Villarroel L\u00f3pez\u201d. Se\u00f1alaron que la conmemoraci\u00f3n corresponde al aniversario 215 de la Batalla de Aroma y a la creaci\u00f3n del Ej\u00e9rcito de Bolivia, eventos incluidos en la agenda institucional de fin de a\u00f1o.<\/p>\n\n\n\n<p>Mediante un comunicado, las autoridades militares solicitaron a la poblaci\u00f3n mantener la calma y evitar interpretaciones err\u00f3neas sobre los movimientos operativos. Indicaron que los desplazamientos responden a actividades de planificaci\u00f3n y ensayos previos al acto protocolar.<\/p>\n\n\n\n<p>El documento no especifica horarios ni fechas exactas de los ejercicios. Sin embargo, reiteraron que todo el operativo se ejecuta dentro del cronograma interno y que la ciudadan\u00eda ser\u00e1 informada en caso de presentarse restricciones o modificaciones en las rutas metropolitanas.<\/p>\n\n\n\n<p><\/p>\n","protected":false},"excerpt":{"rendered":"<p>El Comando General del Ej\u00e9rcito inform\u00f3 que desde esta semana se realizar\u00e1 el desplazamiento de tropas, equipos y veh\u00edculos blindados en distintas zonas de La Paz. La medida forma parte de los preparativos para el acto central del aniversario de la Batalla de Aroma, fecha hist\u00f3rica que el pa\u00eds conmemora cada 28 de noviembre. La [&hellip;]<\/p>\n","protected":false},"author":2,"featured_media":3628,"comment_status":"open","ping_status":"open","sticky":false,"template":"","format":"standard","meta":{"footnotes":""},"categories":[83],"tags":[],"class_list":{"0":"post-3627","1":"post","2":"type-post","3":"status-publish","4":"format-standard","5":"has-post-thumbnail","7":"category-seguridad"},"_links":{"self":[{"href":"https:\/\/novavoxnoticias.com\/index.php\/wp-json\/wp\/v2\/posts\/3627","targetHints":{"allow":["GET"]}}],"collection":[{"href":"https:\/\/novavoxnoticias.com\/index.php\/wp-json\/wp\/v2\/posts"}],"about":[{"href":"https:\/\/novavoxnoticias.com\/index.php\/wp-json\/wp\/v2\/types\/post"}],"author":[{"embeddable":true,"href":"https:\/\/novavoxnoticias.com\/index.php\/wp-json\/wp\/v2\/users\/2"}],"replies":[{"embeddable":true,"href":"https:\/\/novavoxnoticias.com\/index.php\/wp-json\/wp\/v2\/comments?post=3627"}],"version-history":[{"count":1,"href":"https:\/\/novavoxnoticias.com\/index.php\/wp-json\/wp\/v2\/posts\/3627\/revisions"}],"predecessor-version":[{"id":3629,"href":"https:\/\/novavoxnoticias.com\/index.php\/wp-json\/wp\/v2\/posts\/3627\/revisions\/3629"}],"wp:featuredmedia":[{"embeddable":true,"href":"https:\/\/novavoxnoticias.com\/index.php\/wp-json\/wp\/v2\/media\/3628"}],"wp:attachment":[{"href":"https:\/\/novavoxnoticias.com\/index.php\/wp-json\/wp\/v2\/media?parent=3627"}],"wp:term":[{"taxonomy":"category","embeddable":true,"href":"https:\/\/novavoxnoticias.com\/index.php\/wp-json\/wp\/v2\/categories?post=3627"},{"taxonomy":"post_tag","embeddable":true,"href":"https:\/\/novavoxnoticias.com\/index.php\/wp-json\/wp\/v2\/tags?post=3627"}],"curies":[{"name":"wp","href":"https:\/\/api.w.org\/{rel}","templated":true}]}}