{"id":3481,"date":"2025-11-25T21:38:22","date_gmt":"2025-11-26T01:38:22","guid":{"rendered":"https:\/\/novavoxnoticias.com\/?p=3481"},"modified":"2025-11-25T21:38:24","modified_gmt":"2025-11-26T01:38:24","slug":"paola-prudencio-asume-la-presidencia-del-tcp-y-anuncia-el-fin-de-la-autoprorroga","status":"publish","type":"post","link":"https:\/\/novavoxnoticias.com\/index.php\/2025\/11\/25\/paola-prudencio-asume-la-presidencia-del-tcp-y-anuncia-el-fin-de-la-autoprorroga\/","title":{"rendered":"Paola Prudencio asume la presidencia del TCP y anuncia el fin de la autopr\u00f3rroga"},"content":{"rendered":"\n<p>Paola Ver\u00f3nica Prudencio Candia jur\u00f3 como nueva presidenta del Tribunal Constitucional Plurinacional (TCP), tras ser elegida en sala plena. Su designaci\u00f3n llega horas despu\u00e9s de que los magistrados prorrogados dispusieran finalizar la extensi\u00f3n de sus mandatos y una Sala Constitucional de Potos\u00ed ordenara su cese inmediato.<\/p>\n\n\n\n<p>En su discurso de posesi\u00f3n, Prudencio afirm\u00f3 que se restableci\u00f3 la legalidad y la institucionalidad dentro del TCP. Se\u00f1al\u00f3 que el periodo marcado por decisiones de magistrados con mandatos concluidos qued\u00f3 cerrado y que la instituci\u00f3n retorna a la plena vigencia de la Constituci\u00f3n.<\/p>\n\n\n\n<p>La presidenta anunci\u00f3 que sus primeras acciones incluir\u00e1n la conformaci\u00f3n de salas, la reactivaci\u00f3n de la comisi\u00f3n de admisi\u00f3n, sorteos p\u00fablicos de expedientes, acumulaci\u00f3n de causas y unificaci\u00f3n jurisprudencial para disminuir la carga procesal. Asegur\u00f3 que se auditar\u00e1n todas las actuaciones del periodo prorrogado para recuperar la confianza institucional.<\/p>\n\n\n\n<p>Prudencio tambi\u00e9n convoc\u00f3 a jueces y vocales a emitir fallos conforme a la Constituci\u00f3n y remarc\u00f3 que el TCP dejar\u00e1 de ser un \u00f3rgano utilizado para presiones o intereses particulares. Indic\u00f3 que el tribunal retomar\u00e1 su rol de garante de la justicia sin injerencias externas.<\/p>\n","protected":false},"excerpt":{"rendered":"<p>Paola Ver\u00f3nica Prudencio Candia jur\u00f3 como nueva presidenta del Tribunal Constitucional Plurinacional (TCP), tras ser elegida en sala plena. Su designaci\u00f3n llega horas despu\u00e9s de que los magistrados prorrogados dispusieran finalizar la extensi\u00f3n de sus mandatos y una Sala Constitucional de Potos\u00ed ordenara su cese inmediato. En su discurso de posesi\u00f3n, Prudencio afirm\u00f3 que se [&hellip;]<\/p>\n","protected":false},"author":2,"featured_media":3482,"comment_status":"open","ping_status":"open","sticky":false,"template":"","format":"standard","meta":{"footnotes":""},"categories":[1],"tags":[],"class_list":{"0":"post-3481","1":"post","2":"type-post","3":"status-publish","4":"format-standard","5":"has-post-thumbnail","7":"category-pais"},"_links":{"self":[{"href":"https:\/\/novavoxnoticias.com\/index.php\/wp-json\/wp\/v2\/posts\/3481","targetHints":{"allow":["GET"]}}],"collection":[{"href":"https:\/\/novavoxnoticias.com\/index.php\/wp-json\/wp\/v2\/posts"}],"about":[{"href":"https:\/\/novavoxnoticias.com\/index.php\/wp-json\/wp\/v2\/types\/post"}],"author":[{"embeddable":true,"href":"https:\/\/novavoxnoticias.com\/index.php\/wp-json\/wp\/v2\/users\/2"}],"replies":[{"embeddable":true,"href":"https:\/\/novavoxnoticias.com\/index.php\/wp-json\/wp\/v2\/comments?post=3481"}],"version-history":[{"count":1,"href":"https:\/\/novavoxnoticias.com\/index.php\/wp-json\/wp\/v2\/posts\/3481\/revisions"}],"predecessor-version":[{"id":3483,"href":"https:\/\/novavoxnoticias.com\/index.php\/wp-json\/wp\/v2\/posts\/3481\/revisions\/3483"}],"wp:featuredmedia":[{"embeddable":true,"href":"https:\/\/novavoxnoticias.com\/index.php\/wp-json\/wp\/v2\/media\/3482"}],"wp:attachment":[{"href":"https:\/\/novavoxnoticias.com\/index.php\/wp-json\/wp\/v2\/media?parent=3481"}],"wp:term":[{"taxonomy":"category","embeddable":true,"href":"https:\/\/novavoxnoticias.com\/index.php\/wp-json\/wp\/v2\/categories?post=3481"},{"taxonomy":"post_tag","embeddable":true,"href":"https:\/\/novavoxnoticias.com\/index.php\/wp-json\/wp\/v2\/tags?post=3481"}],"curies":[{"name":"wp","href":"https:\/\/api.w.org\/{rel}","templated":true}]}}