{"id":2915,"date":"2025-11-03T12:30:30","date_gmt":"2025-11-03T16:30:30","guid":{"rendered":"https:\/\/novavoxnoticias.com\/?p=2915"},"modified":"2025-11-03T12:30:31","modified_gmt":"2025-11-03T16:30:31","slug":"debut-amargo-bolivia-cae-3-1-ante-sudafrica-en-el-mundial-sub-17","status":"publish","type":"post","link":"https:\/\/novavoxnoticias.com\/index.php\/2025\/11\/03\/debut-amargo-bolivia-cae-3-1-ante-sudafrica-en-el-mundial-sub-17\/","title":{"rendered":"Debut amargo: Bolivia cae 3-1 ante Sud\u00e1frica en el Mundial Sub-17"},"content":{"rendered":"\n<figure class=\"wp-block-image size-large\"><img loading=\"lazy\" loading=\"lazy\" decoding=\"async\" width=\"1024\" height=\"436\" src=\"https:\/\/novavoxnoticias.com\/wp-content\/uploads\/2025\/11\/Novavox-Seleccion-sub-17-1024x436.webp\" alt=\"\" class=\"wp-image-2916\" srcset=\"https:\/\/novavoxnoticias.com\/wp-content\/uploads\/2025\/11\/Novavox-Seleccion-sub-17-1024x436.webp 1024w, https:\/\/novavoxnoticias.com\/wp-content\/uploads\/2025\/11\/Novavox-Seleccion-sub-17-300x128.webp 300w, https:\/\/novavoxnoticias.com\/wp-content\/uploads\/2025\/11\/Novavox-Seleccion-sub-17-768x327.webp 768w, https:\/\/novavoxnoticias.com\/wp-content\/uploads\/2025\/11\/Novavox-Seleccion-sub-17.webp 1280w\" sizes=\"auto, (max-width: 1024px) 100vw, 1024px\" \/><figcaption class=\"wp-element-caption\">[Foto: FBF]\u00a0<\/figcaption><\/figure>\n\n\n\n<p>a <strong>selecci\u00f3n boliviana Sub-17<\/strong> inici\u00f3 su participaci\u00f3n en la Copa del Mundo juvenil con una derrota por 3-1 contra Sud\u00e1frica, en el primer encuentro del Grupo A. El retorno de la Verde a este campeonato, despu\u00e9s de 38 a\u00f1os de ausencia, no tuvo el resultado esperado. El equipo africano asegur\u00f3 la victoria con goles de Emile Witbooi ($38&#8217;$), Neo Bohloko ($50&#8217;$) y Shaun Els ($95&#8217;$), pese a jugar con diez hombres desde el minuto $36$ por la expulsi\u00f3n de Sive Pama.<\/p>\n\n\n\n<hr class=\"wp-block-separator has-alpha-channel-opacity\"\/>\n\n\n\n<p>El combinado nacional mostr\u00f3 reacci\u00f3n en el segundo tiempo. <strong>Jes\u00fas Maraude<\/strong> anot\u00f3 el \u00fanico tanto para Bolivia en el minuto $72$, cobrando un penal con un remate al estilo Panenka, sancionado por el \u00e1rbitro luego de la revisi\u00f3n del VAR. A pesar del descuento, La Verde no logr\u00f3 emparejar el marcador y consum\u00f3 el resultado adverso en su debut mundialista.<\/p>\n\n\n\n<hr class=\"wp-block-separator has-alpha-channel-opacity\"\/>\n\n\n\n<p>Tras este rev\u00e9s, el cuerpo t\u00e9cnico y los jugadores bolivianos enfocan su preparaci\u00f3n en el siguiente desaf\u00edo. El pr\u00f3ximo compromiso de la selecci\u00f3n en el Mundial Sub-17 es el jueves contra <strong>Italia<\/strong>. Este duelo resulta fundamental para mantener vivas las aspiraciones del equipo nacional de avanzar en la fase de grupos del torneo.<\/p>\n","protected":false},"excerpt":{"rendered":"<p>a selecci\u00f3n boliviana Sub-17 inici\u00f3 su participaci\u00f3n en la Copa del Mundo juvenil con una derrota por 3-1 contra Sud\u00e1frica, en el primer encuentro del Grupo A. El retorno de la Verde a este campeonato, despu\u00e9s de 38 a\u00f1os de ausencia, no tuvo el resultado esperado. El equipo africano asegur\u00f3 la victoria con goles de [&hellip;]<\/p>\n","protected":false},"author":2,"featured_media":2916,"comment_status":"open","ping_status":"open","sticky":false,"template":"","format":"standard","meta":{"footnotes":""},"categories":[84],"tags":[],"class_list":{"0":"post-2915","1":"post","2":"type-post","3":"status-publish","4":"format-standard","5":"has-post-thumbnail","7":"category-deportes"},"_links":{"self":[{"href":"https:\/\/novavoxnoticias.com\/index.php\/wp-json\/wp\/v2\/posts\/2915","targetHints":{"allow":["GET"]}}],"collection":[{"href":"https:\/\/novavoxnoticias.com\/index.php\/wp-json\/wp\/v2\/posts"}],"about":[{"href":"https:\/\/novavoxnoticias.com\/index.php\/wp-json\/wp\/v2\/types\/post"}],"author":[{"embeddable":true,"href":"https:\/\/novavoxnoticias.com\/index.php\/wp-json\/wp\/v2\/users\/2"}],"replies":[{"embeddable":true,"href":"https:\/\/novavoxnoticias.com\/index.php\/wp-json\/wp\/v2\/comments?post=2915"}],"version-history":[{"count":0,"href":"https:\/\/novavoxnoticias.com\/index.php\/wp-json\/wp\/v2\/posts\/2915\/revisions"}],"wp:featuredmedia":[{"embeddable":true,"href":"https:\/\/novavoxnoticias.com\/index.php\/wp-json\/wp\/v2\/media\/2916"}],"wp:attachment":[{"href":"https:\/\/novavoxnoticias.com\/index.php\/wp-json\/wp\/v2\/media?parent=2915"}],"wp:term":[{"taxonomy":"category","embeddable":true,"href":"https:\/\/novavoxnoticias.com\/index.php\/wp-json\/wp\/v2\/categories?post=2915"},{"taxonomy":"post_tag","embeddable":true,"href":"https:\/\/novavoxnoticias.com\/index.php\/wp-json\/wp\/v2\/tags?post=2915"}],"curies":[{"name":"wp","href":"https:\/\/api.w.org\/{rel}","templated":true}]}}